{"id":9983,"date":"2023-02-03T10:24:36","date_gmt":"2023-02-03T09:24:36","guid":{"rendered":"http:\/\/www.camporan.com\/escapade-en-van-a-travers-teruel-albarracin-et-ses-environs\/"},"modified":"2025-12-18T16:00:38","modified_gmt":"2025-12-18T15:00:38","slug":"escapade-en-van-a-travers-teruel-albarracin-et-ses-environs","status":"publish","type":"post","link":"https:\/\/camporan.com\/fr\/escapade-en-van-a-travers-teruel-albarracin-et-ses-environs\/","title":{"rendered":"Escapade en van \u00e0 travers Teruel, Albarrac\u00edn et ses environs"},"content":{"rendered":"\n<p>La province de Teruel cache des tr\u00e9sors naturels int\u00e9ressants et magnifiques que vous pouvez d\u00e9couvrir en van. Situ\u00e9e dans la communaut\u00e9 autonome d&rsquo;Aragon, dans la partie orientale de la p\u00e9ninsule ib\u00e9rique, elle est entour\u00e9e de paysages uniques, tant dans l&rsquo;orographie espagnole que partout ailleurs dans le monde. Outre la capitale, qui se distingue par son architecture mud\u00e9jar, elle est entour\u00e9e de villages et d&rsquo;enclaves qui resteront \u00e0 jamais grav\u00e9s dans votre m\u00e9moire. Une option id\u00e9ale pour explorer avec votre van pendant quelques jours.<\/p>\n\n<div id=\"ez-toc-container\" class=\"ez-toc-v2_0_82_2 counter-hierarchy ez-toc-counter ez-toc-grey ez-toc-container-direction\">\n<div class=\"ez-toc-title-container\">\n<p class=\"ez-toc-title\" style=\"cursor:inherit\">Table of Contents<\/p>\n<span class=\"ez-toc-title-toggle\"><a href=\"#\" class=\"ez-toc-pull-right ez-toc-btn ez-toc-btn-xs ez-toc-btn-default ez-toc-toggle\" aria-label=\"Toggle Table of Content\"><span class=\"ez-toc-js-icon-con\"><span class=\"\"><span class=\"eztoc-hide\" style=\"display:none;\">Toggle<\/span><span class=\"ez-toc-icon-toggle-span\"><svg style=\"fill: #999;color:#999\" xmlns=\"http:\/\/www.w3.org\/2000\/svg\" class=\"list-377408\" width=\"20px\" height=\"20px\" viewBox=\"0 0 24 24\" fill=\"none\"><path d=\"M6 6H4v2h2V6zm14 0H8v2h12V6zM4 11h2v2H4v-2zm16 0H8v2h12v-2zM4 16h2v2H4v-2zm16 0H8v2h12v-2z\" fill=\"currentColor\"><\/path><\/svg><svg style=\"fill: #999;color:#999\" class=\"arrow-unsorted-368013\" xmlns=\"http:\/\/www.w3.org\/2000\/svg\" width=\"10px\" height=\"10px\" viewBox=\"0 0 24 24\" version=\"1.2\" baseProfile=\"tiny\"><path d=\"M18.2 9.3l-6.2-6.3-6.2 6.3c-.2.2-.3.4-.3.7s.1.5.3.7c.2.2.4.3.7.3h11c.3 0 .5-.1.7-.3.2-.2.3-.5.3-.7s-.1-.5-.3-.7zM5.8 14.7l6.2 6.3 6.2-6.3c.2-.2.3-.5.3-.7s-.1-.5-.3-.7c-.2-.2-.4-.3-.7-.3h-11c-.3 0-.5.1-.7.3-.2.2-.3.5-.3.7s.1.5.3.7z\"\/><\/svg><\/span><\/span><\/span><\/a><\/span><\/div>\n<nav><ul class='ez-toc-list ez-toc-list-level-1 ' ><li class='ez-toc-page-1 ez-toc-heading-level-2'><a class=\"ez-toc-link ez-toc-heading-1\" href=\"https:\/\/camporan.com\/fr\/escapade-en-van-a-travers-teruel-albarracin-et-ses-environs\/#Voyage_en_van_autour_de_Teruel\" >Voyage en van autour de Teruel<\/a><\/li><li class='ez-toc-page-1 ez-toc-heading-level-2'><a class=\"ez-toc-link ez-toc-heading-2\" href=\"https:\/\/camporan.com\/fr\/escapade-en-van-a-travers-teruel-albarracin-et-ses-environs\/#Itineraire_en_van_a_travers_Albarracin\" >Itin\u00e9raire en van \u00e0 travers Albarrac\u00edn<\/a><\/li><li class='ez-toc-page-1 ez-toc-heading-level-2'><a class=\"ez-toc-link ez-toc-heading-3\" href=\"https:\/\/camporan.com\/fr\/escapade-en-van-a-travers-teruel-albarracin-et-ses-environs\/#Paysage_protege_de_la_pinede_de_Rodeno\" >Paysage prot\u00e9g\u00e9 de la pin\u00e8de de Rodeno<\/a><\/li><li class='ez-toc-page-1 ez-toc-heading-level-2'><a class=\"ez-toc-link ez-toc-heading-4\" href=\"https:\/\/camporan.com\/fr\/escapade-en-van-a-travers-teruel-albarracin-et-ses-environs\/#Route_de_camping-car_par_Frias_de_Albarracin_et_la_source_du_fleuve_Tage\" >Route de camping-car par Fr\u00edas de Albarrac\u00edn et la source du fleuve Tage<\/a><\/li><li class='ez-toc-page-1 ez-toc-heading-level-2'><a class=\"ez-toc-link ez-toc-heading-5\" href=\"https:\/\/camporan.com\/fr\/escapade-en-van-a-travers-teruel-albarracin-et-ses-environs\/#Calomarde_et_ses_environs\" >Calomarde et ses environs<\/a><\/li><\/ul><\/nav><\/div>\n<h2 class=\"wp-block-heading\"><span class=\"ez-toc-section\" id=\"Voyage_en_van_autour_de_Teruel\"><\/span>Voyage en van autour de <strong>Teruel<\/strong><span class=\"ez-toc-section-end\"><\/span><\/h2>\n\n<figure class=\"wp-block-image size-large\"><img loading=\"lazy\" decoding=\"async\" width=\"980\" height=\"543\" src=\"https:\/\/camporan.com\/wp-content\/uploads\/2021\/06\/Amantes-de-teruel.jpg\" alt=\"\" class=\"wp-image-8036\" srcset=\"https:\/\/camporan.com\/wp-content\/uploads\/2021\/06\/Amantes-de-teruel.jpg 980w, https:\/\/camporan.com\/wp-content\/uploads\/2021\/06\/Amantes-de-teruel-600x332.jpg 600w, https:\/\/camporan.com\/wp-content\/uploads\/2021\/06\/Amantes-de-teruel-300x166.jpg 300w, https:\/\/camporan.com\/wp-content\/uploads\/2021\/06\/Amantes-de-teruel-768x426.jpg 768w, https:\/\/camporan.com\/wp-content\/uploads\/2021\/06\/Amantes-de-teruel-500x277.jpg 500w\" sizes=\"auto, (max-width: 980px) 100vw, 980px\" \/><figcaption>Mausol\u00e9e des Amoureux de Teruel<\/figcaption><\/figure>\n\n<p>Cette capitale provinciale est notre premi\u00e8re \u00e9tape. C&rsquo;est une petite ville qui regorge de grands tr\u00e9sors d&rsquo;architecture mud\u00e9jar. Certains d&rsquo;entre eux portent le titre de sites du patrimoine mondial, d\u00e9cern\u00e9 par l&rsquo;Unesco. Les trois tours sont situ\u00e9es dans diff\u00e9rentes parties de la ville et sont li\u00e9es \u00e0 des \u00e9glises : l&rsquo;\u00e9glise de San Pedro, l&rsquo;\u00e9glise de San Mart\u00edn et l&rsquo;\u00e9glise de El Salvador. De m\u00eame, le toit de la cath\u00e9drale de Santa Mar\u00eda de Mediavilla se distingue comme l&rsquo;une des plus importantes constructions m\u00e9di\u00e9vales en bois du monde. Une autre attraction touristique \u00e0 visiter est le c\u00e9l\u00e8bre mausol\u00e9e des amoureux de Teruel, o\u00f9, en plus de voir les tombes sculpt\u00e9es par le sculpteur Juan de \u00c1valos y Taborda, vous apprendrez en d\u00e9tail l&rsquo;histoire des amoureux.<\/p>\n\n<h2 class=\"wp-block-heading\"><span class=\"ez-toc-section\" id=\"Itineraire_en_van_a_travers_Albarracin\"><\/span>Itin\u00e9raire en van \u00e0 travers <strong>Albarrac\u00edn<\/strong><span class=\"ez-toc-section-end\"><\/span><\/h2>\n\n<p>\u00c0 environ 37 kilom\u00e8tres de la capitale se trouve ce charmant village de Teruel : Albarrac\u00edn. Elle est entour\u00e9e d&rsquo;un mur et se trouve sur une petite \u00e9l\u00e9vation montagneuse au pied de laquelle se trouve la rivi\u00e8re Guadalaviar. C&rsquo;est un authentique village m\u00e9di\u00e9val dont on peut profiter en toute tranquillit\u00e9. L&rsquo;h\u00f4tel de ville organise des visites guid\u00e9es si vous souhaitez en savoir plus sur son histoire. Il existe \u00e9galement un petit parcours circulaire autour de la rivi\u00e8re qui vous permettra de faire connaissance avec l&rsquo;environnement naturel privil\u00e9gi\u00e9 qui entoure la ville.<\/p>\n\n<figure class=\"wp-block-image size-large\"><img loading=\"lazy\" decoding=\"async\" width=\"1030\" height=\"579\" src=\"https:\/\/camporan.com\/wp-content\/uploads\/2021\/06\/albarracin-1030x579.jpg\" alt=\"\" class=\"wp-image-8040\" srcset=\"https:\/\/camporan.com\/wp-content\/uploads\/2021\/06\/albarracin-1030x579.jpg 1030w, https:\/\/camporan.com\/wp-content\/uploads\/2021\/06\/albarracin-600x338.jpg 600w, https:\/\/camporan.com\/wp-content\/uploads\/2021\/06\/albarracin-300x169.jpg 300w, https:\/\/camporan.com\/wp-content\/uploads\/2021\/06\/albarracin-768x432.jpg 768w, https:\/\/camporan.com\/wp-content\/uploads\/2021\/06\/albarracin-500x281.jpg 500w, https:\/\/camporan.com\/wp-content\/uploads\/2021\/06\/albarracin.jpg 1280w\" sizes=\"auto, (max-width: 1030px) 100vw, 1030px\" \/><figcaption>Albarrac\u00edn<\/figcaption><\/figure>\n\n<h2 class=\"wp-block-heading\"><span class=\"ez-toc-section\" id=\"Paysage_protege_de_la_pinede_de_Rodeno\"><\/span><strong>Paysage prot\u00e9g\u00e9 de la pin\u00e8de de Rodeno<\/strong><span class=\"ez-toc-section-end\"><\/span><\/h2>\n\n<p>Lorsque vous traverserez cette r\u00e9gion en van, vous serez surpris par le nombre de pins qui poussent sans rime ni raison sur des formes rocheuses de couleur orange ou argileuse. Il doit son nom \u00e0 cette esp\u00e8ce d&rsquo;arbre, mais ce n&rsquo;est pas le seul \u00e9l\u00e9ment frappant de cet endroit. Tout au long du chemin, vous verrez des milliers de recoins et de routes \u00e0 explorer, ainsi que des peintures rupestres que nos anc\u00eatres ont peintes il y a des milliers d&rsquo;ann\u00e9es. L&rsquo;acc\u00e8s \u00e0 cet art ancestral est ouvert \u00e0 tous afin de pouvoir contempler ces sc\u00e8nes de vie quotidienne d&rsquo;une autre \u00e9poque, chasse, cueillette, rituels, etc.<\/p>\n\n<h2 class=\"wp-block-heading\"><span class=\"ez-toc-section\" id=\"Route_de_camping-car_par_Frias_de_Albarracin_et_la_source_du_fleuve_Tage\"><\/span>Route de camping-car par <strong>Fr\u00edas de Albarrac\u00edn et la source du fleuve Tage<\/strong><span class=\"ez-toc-section-end\"><\/span><\/h2>\n\n<p>La source du Tage, le plus long fleuve de la p\u00e9ninsule ib\u00e9rique, se trouve dans les Montes Universales, \u00e0 une dizaine de kilom\u00e8tres de la ville de Fr\u00edas de Albarrac\u00edn. Il vaut la peine de s&rsquo;arr\u00eater \u00e0 ce point o\u00f9 convergent trois provinces : Teruel, Cuenca et Guadalajara. Tout au long de cette zone, vous pouvez vous arr\u00eater \u00e0 tout moment, profiter du paysage et suivre certains des sentiers des environs.<\/p>\n\n<figure class=\"wp-block-image size-large\"><img loading=\"lazy\" decoding=\"async\" width=\"1000\" height=\"650\" src=\"https:\/\/camporan.com\/wp-content\/uploads\/2021\/06\/montes-universales.jpg\" alt=\"\" class=\"wp-image-8044\" srcset=\"https:\/\/camporan.com\/wp-content\/uploads\/2021\/06\/montes-universales.jpg 1000w, https:\/\/camporan.com\/wp-content\/uploads\/2021\/06\/montes-universales-600x390.jpg 600w, https:\/\/camporan.com\/wp-content\/uploads\/2021\/06\/montes-universales-300x195.jpg 300w, https:\/\/camporan.com\/wp-content\/uploads\/2021\/06\/montes-universales-768x499.jpg 768w, https:\/\/camporan.com\/wp-content\/uploads\/2021\/06\/montes-universales-500x325.jpg 500w\" sizes=\"auto, (max-width: 1000px) 100vw, 1000px\" \/><figcaption>Montagnes universelles<\/figcaption><\/figure>\n\n<h2 class=\"wp-block-heading\"><span class=\"ez-toc-section\" id=\"Calomarde_et_ses_environs\"><\/span><strong>Calomarde et ses environs<\/strong><span class=\"ez-toc-section-end\"><\/span><\/h2>\n\n<p>Sans quitter la Sierra de Albarrac\u00edn et dans la m\u00eame r\u00e9gion, vous pouvez laisser derri\u00e8re vous le village de Fr\u00edas de Albarrac\u00edn et vous diriger vers Calomarde. A partir de l\u00e0, vous avez deux options int\u00e9ressantes. D&rsquo;une part, vous pouvez suivre la route du Barranco de la Hoz, qui est \u00e9quip\u00e9e pour \u00eatre faite confortablement et, d&rsquo;autre part, vous pouvez aller \u00e0 la cascade de Molino Viejo ou \u00e0 la cascade de Batida. Une chute d&rsquo;eau de 20 m\u00e8tres de haut qui attire l&rsquo;attention et qui est \u00e9galement facile \u00e0 atteindre.<\/p>\n","protected":false},"excerpt":{"rendered":"<p>La province de Teruel cache des tr\u00e9sors naturels int\u00e9ressants et magnifiques que vous pouvez d\u00e9couvrir en van. Situ\u00e9e dans la communaut\u00e9 autonome d&rsquo;Aragon, dans la partie orientale de la p\u00e9ninsule ib\u00e9rique, elle est entour\u00e9e de paysages uniques, tant dans l&rsquo;orographie espagnole que partout ailleurs dans le monde. Outre la capitale, qui se distingue par son [&hellip;]<\/p>\n","protected":false},"author":9,"featured_media":8043,"comment_status":"open","ping_status":"closed","sticky":false,"template":"","format":"aside","meta":{"om_disable_all_campaigns":false,"_uag_custom_page_level_css":"","site-sidebar-layout":"default","site-content-layout":"default","ast-site-content-layout":"default","site-content-style":"default","site-sidebar-style":"default","ast-global-header-display":"","ast-banner-title-visibility":"","ast-main-header-display":"","ast-hfb-above-header-display":"","ast-hfb-below-header-display":"","ast-hfb-mobile-header-display":"","site-post-title":"","ast-breadcrumbs-content":"","ast-featured-img":"","footer-sml-layout":"","ast-disable-related-posts":"","theme-transparent-header-meta":"default","adv-header-id-meta":"","stick-header-meta":"default","header-above-stick-meta":"","header-main-stick-meta":"","header-below-stick-meta":"","astra-migrate-meta-layouts":"default","ast-page-background-enabled":"default","ast-page-background-meta":{"desktop":{"background-color":"","background-image":"","background-repeat":"repeat","background-position":"center center","background-size":"auto","background-attachment":"scroll","background-type":"","background-media":"","overlay-type":"","overlay-color":"","overlay-opacity":"","overlay-gradient":""},"tablet":{"background-color":"","background-image":"","background-repeat":"repeat","background-position":"center center","background-size":"auto","background-attachment":"scroll","background-type":"","background-media":"","overlay-type":"","overlay-color":"","overlay-opacity":"","overlay-gradient":""},"mobile":{"background-color":"","background-image":"","background-repeat":"repeat","background-position":"center center","background-size":"auto","background-attachment":"scroll","background-type":"","background-media":"","overlay-type":"","overlay-color":"","overlay-opacity":"","overlay-gradient":""}},"ast-content-background-meta":{"desktop":{"background-color":"var(--ast-global-color-5)","background-image":"","background-repeat":"repeat","background-position":"center center","background-size":"auto","background-attachment":"scroll","background-type":"","background-media":"","overlay-type":"","overlay-color":"","overlay-opacity":"","overlay-gradient":""},"tablet":{"background-color":"var(--ast-global-color-5)","background-image":"","background-repeat":"repeat","background-position":"center center","background-size":"auto","background-attachment":"scroll","background-type":"","background-media":"","overlay-type":"","overlay-color":"","overlay-opacity":"","overlay-gradient":""},"mobile":{"background-color":"var(--ast-global-color-5)","background-image":"","background-repeat":"repeat","background-position":"center center","background-size":"auto","background-attachment":"scroll","background-type":"","background-media":"","overlay-type":"","overlay-color":"","overlay-opacity":"","overlay-gradient":""}},"footnotes":""},"categories":[687],"tags":[],"class_list":["post-9983","post","type-post","status-publish","format-aside","has-post-thumbnail","hentry","category-rutas-en-camper","post_format-post-format-aside"],"aioseo_notices":[],"spectra_custom_meta":{"_pingme":["1"],"_encloseme":["1"],"_schema_ref":["5093"],"_alp_processed":["1766070041"],"_wpml_media_duplicate":["1"],"_wpml_media_featured":["1"],"site-sidebar-layout":["default"],"site-content-layout":["default"],"theme-transparent-header-meta":["default"],"stick-header-meta":["default"],"_top_nav_excluded":[""],"_cms_nav_minihome":[""],"_thumbnail_id":["8043"],"_last_translation_edit_mode":["translation-editor"],"_schema_json":["a:12:{s:8:\"@context\";s:19:\"https:\/\/schema.org\/\";s:5:\"@type\";s:11:\"BlogPosting\";s:16:\"mainEntityOfPage\";a:2:{s:5:\"@type\";s:7:\"WebPage\";s:3:\"@id\";s:84:\"https:\/\/camporan.com\/fr\/escapade-en-van-a-travers-teruel-albarracin-et-ses-environs\/\";}s:3:\"url\";s:84:\"https:\/\/camporan.com\/fr\/escapade-en-van-a-travers-teruel-albarracin-et-ses-environs\/\";s:8:\"headline\";s:62:\"Escapade en van \u00e0 travers Teruel, Albarrac\u00edn et ses environs\";s:13:\"datePublished\";s:25:\"2023-02-03T10:24:36+01:00\";s:12:\"dateModified\";s:25:\"2025-12-18T16:00:38+01:00\";s:9:\"publisher\";a:4:{s:5:\"@type\";s:12:\"Organization\";s:3:\"@id\";s:37:\"https:\/\/camporan.com\/fr\/#organization\";s:4:\"name\";s:12:\"Camporan.com\";s:4:\"logo\";a:4:{s:5:\"@type\";s:11:\"ImageObject\";s:3:\"url\";s:0:\"\";s:5:\"width\";i:600;s:6:\"height\";i:60;}}s:5:\"image\";a:4:{s:5:\"@type\";s:11:\"ImageObject\";s:3:\"url\";s:62:\"https:\/\/camporan.com\/wp-content\/uploads\/2021\/06\/albarracin.jpg\";s:5:\"width\";i:1280;s:6:\"height\";i:720;}s:14:\"articleSection\";s:34:\"Itin\u00e9raires pour les camping-cars\";s:11:\"description\";s:331:\"La province de Teruel cache des tr\u00e9sors naturels int\u00e9ressants et magnifiques que vous pouvez d\u00e9couvrir en van. Situ\u00e9e dans la communaut\u00e9 autonome d'Aragon, dans la partie orientale de la p\u00e9ninsule ib\u00e9rique, elle est entour\u00e9e de paysages uniques, tant dans l'orographie espagnole que partout ailleurs dans le monde. Outre la\";s:6:\"author\";a:4:{s:5:\"@type\";s:6:\"Person\";s:4:\"name\";s:12:\"MB Marketing\";s:3:\"url\";s:44:\"https:\/\/camporan.com\/fr\/author\/mb-marketing\/\";s:5:\"image\";a:4:{s:5:\"@type\";s:11:\"ImageObject\";s:3:\"url\";s:113:\"https:\/\/secure.gravatar.com\/avatar\/518d8d15b698a0be6a5930983986ed65bb9946954d251c932ec3539132eae3cd?s=96&d=mm&r=g\";s:6:\"height\";i:96;s:5:\"width\";i:96;}}}"],"_schema_json_timestamp":["1777295809"],"_cmplz_scanned_post":["1"],"_wpml_media_has_media":["1"],"_uagb_previous_block_counts":["a:90:{s:21:\"uagb\/advanced-heading\";i:0;s:15:\"uagb\/blockquote\";i:0;s:12:\"uagb\/buttons\";i:0;s:18:\"uagb\/buttons-child\";i:0;s:19:\"uagb\/call-to-action\";i:0;s:15:\"uagb\/cf7-styler\";i:0;s:11:\"uagb\/column\";i:0;s:12:\"uagb\/columns\";i:0;s:14:\"uagb\/container\";i:0;s:21:\"uagb\/content-timeline\";i:0;s:27:\"uagb\/content-timeline-child\";i:0;s:14:\"uagb\/countdown\";i:0;s:12:\"uagb\/counter\";i:0;s:8:\"uagb\/faq\";i:0;s:14:\"uagb\/faq-child\";i:0;s:10:\"uagb\/forms\";i:0;s:17:\"uagb\/forms-accept\";i:0;s:19:\"uagb\/forms-checkbox\";i:0;s:15:\"uagb\/forms-date\";i:0;s:16:\"uagb\/forms-email\";i:0;s:17:\"uagb\/forms-hidden\";i:0;s:15:\"uagb\/forms-name\";i:0;s:16:\"uagb\/forms-phone\";i:0;s:16:\"uagb\/forms-radio\";i:0;s:17:\"uagb\/forms-select\";i:0;s:19:\"uagb\/forms-textarea\";i:0;s:17:\"uagb\/forms-toggle\";i:0;s:14:\"uagb\/forms-url\";i:0;s:14:\"uagb\/gf-styler\";i:0;s:15:\"uagb\/google-map\";i:0;s:11:\"uagb\/how-to\";i:0;s:16:\"uagb\/how-to-step\";i:0;s:9:\"uagb\/icon\";i:0;s:14:\"uagb\/icon-list\";i:0;s:20:\"uagb\/icon-list-child\";i:0;s:10:\"uagb\/image\";i:0;s:18:\"uagb\/image-gallery\";i:0;s:13:\"uagb\/info-box\";i:0;s:18:\"uagb\/inline-notice\";i:0;s:11:\"uagb\/lottie\";i:0;s:21:\"uagb\/marketing-button\";i:0;s:10:\"uagb\/modal\";i:0;s:18:\"uagb\/popup-builder\";i:0;s:16:\"uagb\/post-button\";i:0;s:18:\"uagb\/post-carousel\";i:0;s:17:\"uagb\/post-excerpt\";i:0;s:14:\"uagb\/post-grid\";i:0;s:15:\"uagb\/post-image\";i:0;s:17:\"uagb\/post-masonry\";i:0;s:14:\"uagb\/post-meta\";i:0;s:18:\"uagb\/post-taxonomy\";i:0;s:18:\"uagb\/post-timeline\";i:0;s:15:\"uagb\/post-title\";i:0;s:20:\"uagb\/restaurant-menu\";i:0;s:26:\"uagb\/restaurant-menu-child\";i:0;s:11:\"uagb\/review\";i:0;s:12:\"uagb\/section\";i:0;s:14:\"uagb\/separator\";i:0;s:11:\"uagb\/slider\";i:0;s:17:\"uagb\/slider-child\";i:0;s:17:\"uagb\/social-share\";i:0;s:23:\"uagb\/social-share-child\";i:0;s:16:\"uagb\/star-rating\";i:0;s:23:\"uagb\/sure-cart-checkout\";i:0;s:22:\"uagb\/sure-cart-product\";i:0;s:15:\"uagb\/sure-forms\";i:0;s:22:\"uagb\/table-of-contents\";i:0;s:9:\"uagb\/tabs\";i:0;s:15:\"uagb\/tabs-child\";i:0;s:18:\"uagb\/taxonomy-list\";i:0;s:9:\"uagb\/team\";i:0;s:16:\"uagb\/testimonial\";i:0;s:14:\"uagb\/wp-search\";i:0;s:19:\"uagb\/instagram-feed\";i:0;s:10:\"uagb\/login\";i:0;s:17:\"uagb\/loop-builder\";i:0;s:18:\"uagb\/loop-category\";i:0;s:20:\"uagb\/loop-pagination\";i:0;s:15:\"uagb\/loop-reset\";i:0;s:16:\"uagb\/loop-search\";i:0;s:14:\"uagb\/loop-sort\";i:0;s:17:\"uagb\/loop-wrapper\";i:0;s:13:\"uagb\/register\";i:0;s:19:\"uagb\/register-email\";i:0;s:24:\"uagb\/register-first-name\";i:0;s:23:\"uagb\/register-last-name\";i:0;s:22:\"uagb\/register-password\";i:0;s:30:\"uagb\/register-reenter-password\";i:0;s:19:\"uagb\/register-terms\";i:0;s:22:\"uagb\/register-username\";i:0;}"],"_uag_page_assets":["a:9:{s:3:\"css\";s:0:\"\";s:2:\"js\";s:0:\"\";s:18:\"current_block_list\";a:3:{i:0;s:14:\"core\/paragraph\";i:1;s:12:\"core\/heading\";i:2;s:10:\"core\/image\";}s:8:\"uag_flag\";b:0;s:11:\"uag_version\";i:1777313037;s:6:\"gfonts\";a:0:{}s:10:\"gfonts_url\";s:0:\"\";s:12:\"gfonts_files\";a:0:{}s:14:\"uag_faq_layout\";b:0;}"]},"uagb_featured_image_src":{"full":["https:\/\/camporan.com\/wp-content\/uploads\/2021\/06\/albarracin.jpg",1280,720,false],"thumbnail":["https:\/\/camporan.com\/wp-content\/uploads\/2021\/06\/albarracin-80x80.jpg",80,80,true],"medium":["https:\/\/camporan.com\/wp-content\/uploads\/2021\/06\/albarracin-300x169.jpg",300,169,true],"medium_large":["https:\/\/camporan.com\/wp-content\/uploads\/2021\/06\/albarracin-768x432.jpg",768,432,true],"large":["https:\/\/camporan.com\/wp-content\/uploads\/2021\/06\/albarracin-1030x579.jpg",1030,579,true],"1536x1536":["https:\/\/camporan.com\/wp-content\/uploads\/2021\/06\/albarracin.jpg",1280,720,false],"2048x2048":["https:\/\/camporan.com\/wp-content\/uploads\/2021\/06\/albarracin.jpg",1280,720,false],"woocommerce_thumbnail":["https:\/\/camporan.com\/wp-content\/uploads\/2021\/06\/albarracin-600x338.jpg",600,338,true],"woocommerce_single":["https:\/\/camporan.com\/wp-content\/uploads\/2021\/06\/albarracin-600x338.jpg",600,338,true],"woocommerce_gallery_thumbnail":["https:\/\/camporan.com\/wp-content\/uploads\/2021\/06\/albarracin-100x100.jpg",100,100,true],"wcpr-photo-reviews":["https:\/\/camporan.com\/wp-content\/uploads\/2021\/06\/albarracin-500x281.jpg",500,281,true]},"uagb_author_info":{"display_name":"MB Marketing","author_link":"https:\/\/camporan.com\/fr\/author\/mb-marketing\/"},"uagb_comment_info":0,"uagb_excerpt":"La province de Teruel cache des tr\u00e9sors naturels int\u00e9ressants et magnifiques que vous pouvez d\u00e9couvrir en van. Situ\u00e9e dans la communaut\u00e9 autonome d&rsquo;Aragon, dans la partie orientale de la p\u00e9ninsule ib\u00e9rique, elle est entour\u00e9e de paysages uniques, tant dans l&rsquo;orographie espagnole que partout ailleurs dans le monde. Outre la capitale, qui se distingue par son\u2026","_links":{"self":[{"href":"https:\/\/camporan.com\/fr\/wp-json\/wp\/v2\/posts\/9983","targetHints":{"allow":["GET"]}}],"collection":[{"href":"https:\/\/camporan.com\/fr\/wp-json\/wp\/v2\/posts"}],"about":[{"href":"https:\/\/camporan.com\/fr\/wp-json\/wp\/v2\/types\/post"}],"author":[{"embeddable":true,"href":"https:\/\/camporan.com\/fr\/wp-json\/wp\/v2\/users\/9"}],"replies":[{"embeddable":true,"href":"https:\/\/camporan.com\/fr\/wp-json\/wp\/v2\/comments?post=9983"}],"version-history":[{"count":1,"href":"https:\/\/camporan.com\/fr\/wp-json\/wp\/v2\/posts\/9983\/revisions"}],"predecessor-version":[{"id":14493,"href":"https:\/\/camporan.com\/fr\/wp-json\/wp\/v2\/posts\/9983\/revisions\/14493"}],"wp:featuredmedia":[{"embeddable":true,"href":"https:\/\/camporan.com\/fr\/wp-json\/wp\/v2\/media\/8043"}],"wp:attachment":[{"href":"https:\/\/camporan.com\/fr\/wp-json\/wp\/v2\/media?parent=9983"}],"wp:term":[{"taxonomy":"category","embeddable":true,"href":"https:\/\/camporan.com\/fr\/wp-json\/wp\/v2\/categories?post=9983"},{"taxonomy":"post_tag","embeddable":true,"href":"https:\/\/camporan.com\/fr\/wp-json\/wp\/v2\/tags?post=9983"}],"curies":[{"name":"wp","href":"https:\/\/api.w.org\/{rel}","templated":true}]}}