{"id":11044,"date":"2023-10-11T16:37:37","date_gmt":"2023-10-11T14:37:37","guid":{"rendered":"http:\/\/www.camporan.com\/decouvrir-le-monde-en-van-lhistoire-de-marta-et-maria\/"},"modified":"2025-12-18T16:03:01","modified_gmt":"2025-12-18T15:03:01","slug":"decouvrir-le-monde-en-van-lhistoire-de-marta-et-maria","status":"publish","type":"post","link":"https:\/\/camporan.com\/fr\/decouvrir-le-monde-en-van-lhistoire-de-marta-et-maria\/","title":{"rendered":"D\u00e9couvrir le monde en van : l&rsquo;histoire de Marta et Mari\u00e0"},"content":{"rendered":"\n<p><strong>Viajar es una pasi\u00f3n<\/strong> que reside en el coraz\u00f3n de muchos de nosotros. <strong>La idea de dejar atr\u00e1s la rutina diaria<\/strong>, lanzarse a la carretera y <strong>explorar el mundo es un sue\u00f1o<\/strong> compartido por muchos. \u00bfAlguna vez te has planteado abandonar todo y seguir ese deseo de aventura? Si es as\u00ed, esta historia te va a inspirar. <\/p>\n\n<p>A continuaci\u00f3n, te presentaremos la extraordinaria traves\u00eda de <strong>Marta Tibau y Mari\u00e0 Mi\u00f1o<\/strong>, una pareja que hizo precisamente eso: <strong>dejaron atr\u00e1s sus vidas convencionales para lanzarse a explorar Latinoam\u00e9rica en su furgoneta.<\/strong><\/p>\n\n<div id=\"ez-toc-container\" class=\"ez-toc-v2_0_82_2 counter-hierarchy ez-toc-counter ez-toc-grey ez-toc-container-direction\">\n<div class=\"ez-toc-title-container\">\n<p class=\"ez-toc-title\" style=\"cursor:inherit\">Table of Contents<\/p>\n<span class=\"ez-toc-title-toggle\"><a href=\"#\" class=\"ez-toc-pull-right ez-toc-btn ez-toc-btn-xs ez-toc-btn-default ez-toc-toggle\" aria-label=\"Toggle Table of Content\"><span class=\"ez-toc-js-icon-con\"><span class=\"\"><span class=\"eztoc-hide\" style=\"display:none;\">Toggle<\/span><span class=\"ez-toc-icon-toggle-span\"><svg style=\"fill: #999;color:#999\" xmlns=\"http:\/\/www.w3.org\/2000\/svg\" class=\"list-377408\" width=\"20px\" height=\"20px\" viewBox=\"0 0 24 24\" fill=\"none\"><path d=\"M6 6H4v2h2V6zm14 0H8v2h12V6zM4 11h2v2H4v-2zm16 0H8v2h12v-2zM4 16h2v2H4v-2zm16 0H8v2h12v-2z\" fill=\"currentColor\"><\/path><\/svg><svg style=\"fill: #999;color:#999\" class=\"arrow-unsorted-368013\" xmlns=\"http:\/\/www.w3.org\/2000\/svg\" width=\"10px\" height=\"10px\" viewBox=\"0 0 24 24\" version=\"1.2\" baseProfile=\"tiny\"><path d=\"M18.2 9.3l-6.2-6.3-6.2 6.3c-.2.2-.3.4-.3.7s.1.5.3.7c.2.2.4.3.7.3h11c.3 0 .5-.1.7-.3.2-.2.3-.5.3-.7s-.1-.5-.3-.7zM5.8 14.7l6.2 6.3 6.2-6.3c.2-.2.3-.5.3-.7s-.1-.5-.3-.7c-.2-.2-.4-.3-.7-.3h-11c-.3 0-.5.1-.7.3-.2.2-.3.5-.3.7s.1.5.3.7z\"\/><\/svg><\/span><\/span><\/span><\/a><\/span><\/div>\n<nav><ul class='ez-toc-list ez-toc-list-level-1 ' ><li class='ez-toc-page-1 ez-toc-heading-level-2'><a class=\"ez-toc-link ez-toc-heading-1\" href=\"https:\/\/camporan.com\/fr\/decouvrir-le-monde-en-van-lhistoire-de-marta-et-maria\/#Qui_sont_Marta_et_Maria\" >Qui sont Marta et Mari\u00e0<\/a><\/li><li class='ez-toc-page-1 ez-toc-heading-level-2'><a class=\"ez-toc-link ez-toc-heading-2\" href=\"https:\/\/camporan.com\/fr\/decouvrir-le-monde-en-van-lhistoire-de-marta-et-maria\/#La_decision_de_se_lancer_dans_laventure\" >La d\u00e9cision de se lancer dans l&rsquo;aventure<\/a><ul class='ez-toc-list-level-3' ><li class='ez-toc-heading-level-3'><a class=\"ez-toc-link ez-toc-heading-3\" href=\"https:\/\/camporan.com\/fr\/decouvrir-le-monde-en-van-lhistoire-de-marta-et-maria\/#Parcourir_13_000_kilometres_de_lArgentine_au_Mexique\" >Parcourir 13 000 kilom\u00e8tres : de l&rsquo;Argentine au Mexique<\/a><\/li><li class='ez-toc-page-1 ez-toc-heading-level-3'><a class=\"ez-toc-link ez-toc-heading-4\" href=\"https:\/\/camporan.com\/fr\/decouvrir-le-monde-en-van-lhistoire-de-marta-et-maria\/#Lappel_de_lAmerique_latine_un_reve_a_realiser\" >L&rsquo;appel de l&rsquo;Am\u00e9rique latine : un r\u00eave \u00e0 r\u00e9aliser<\/a><\/li><\/ul><\/li><li class='ez-toc-page-1 ez-toc-heading-level-2'><a class=\"ez-toc-link ez-toc-heading-5\" href=\"https:\/\/camporan.com\/fr\/decouvrir-le-monde-en-van-lhistoire-de-marta-et-maria\/#Une_decennie_sur_la_route\" >Une d\u00e9cennie sur la route<\/a><ul class='ez-toc-list-level-3' ><li class='ez-toc-heading-level-3'><a class=\"ez-toc-link ez-toc-heading-6\" href=\"https:\/\/camporan.com\/fr\/decouvrir-le-monde-en-van-lhistoire-de-marta-et-maria\/#Parcourir_13_000_kilometres_de_lArgentine_au_Mexique-2\" >Parcourir 13 000 kilom\u00e8tres : de l&rsquo;Argentine au Mexique<\/a><\/li><li class='ez-toc-page-1 ez-toc-heading-level-3'><a class=\"ez-toc-link ez-toc-heading-7\" href=\"https:\/\/camporan.com\/fr\/decouvrir-le-monde-en-van-lhistoire-de-marta-et-maria\/#Une_transformation_personnelle_et_spirituelle\" >Une transformation personnelle et spirituelle<\/a><\/li><\/ul><\/li><li class='ez-toc-page-1 ez-toc-heading-level-2'><a class=\"ez-toc-link ez-toc-heading-8\" href=\"https:\/\/camporan.com\/fr\/decouvrir-le-monde-en-van-lhistoire-de-marta-et-maria\/#Durabilite_financiere_dans_le_secteur_des_voyages\" >Durabilit\u00e9 financi\u00e8re dans le secteur des voyages<\/a><ul class='ez-toc-list-level-3' ><li class='ez-toc-heading-level-3'><a class=\"ez-toc-link ez-toc-heading-9\" href=\"https:\/\/camporan.com\/fr\/decouvrir-le-monde-en-van-lhistoire-de-marta-et-maria\/#Financement_des_voyages_de_lepargne_a_la_creativite\" >Financement des voyages : de l&rsquo;\u00e9pargne \u00e0 la cr\u00e9ativit\u00e9<\/a><\/li><li class='ez-toc-page-1 ez-toc-heading-level-3'><a class=\"ez-toc-link ez-toc-heading-10\" href=\"https:\/\/camporan.com\/fr\/decouvrir-le-monde-en-van-lhistoire-de-marta-et-maria\/#Le_pouvoir_de_la_video_plus_de_300_experiences\" >Le pouvoir de la vid\u00e9o : plus de 300 exp\u00e9riences<\/a><\/li><\/ul><\/li><li class='ez-toc-page-1 ez-toc-heading-level-2'><a class=\"ez-toc-link ez-toc-heading-11\" href=\"https:\/\/camporan.com\/fr\/decouvrir-le-monde-en-van-lhistoire-de-marta-et-maria\/#Lhospitalite_sur_la_route\" >L&rsquo;hospitalit\u00e9 sur la route<\/a><\/li><li class='ez-toc-page-1 ez-toc-heading-level-2'><a class=\"ez-toc-link ez-toc-heading-12\" href=\"https:\/\/camporan.com\/fr\/decouvrir-le-monde-en-van-lhistoire-de-marta-et-maria\/#Explorer_les_pays_et_embrasser_les_cultures\" >Explorer les pays et embrasser les cultures<\/a><ul class='ez-toc-list-level-3' ><li class='ez-toc-heading-level-3'><a class=\"ez-toc-link ez-toc-heading-13\" href=\"https:\/\/camporan.com\/fr\/decouvrir-le-monde-en-van-lhistoire-de-marta-et-maria\/#Argentine_et_Colombie_une_annee_dans_chaque_coin\" >Argentine et Colombie : une ann\u00e9e dans chaque coin<\/a><\/li><li class='ez-toc-page-1 ez-toc-heading-level-3'><a class=\"ez-toc-link ez-toc-heading-14\" href=\"https:\/\/camporan.com\/fr\/decouvrir-le-monde-en-van-lhistoire-de-marta-et-maria\/#Defis_mecaniques_et_determination\" >D\u00e9fis m\u00e9caniques et d\u00e9termination<\/a><\/li><li class='ez-toc-page-1 ez-toc-heading-level-3'><a class=\"ez-toc-link ez-toc-heading-15\" href=\"https:\/\/camporan.com\/fr\/decouvrir-le-monde-en-van-lhistoire-de-marta-et-maria\/#Volkswagen_T4_California_Syncro_le_debut_de_lodyssee\" >Volkswagen T4 California Syncro : le d\u00e9but de l&rsquo;odyss\u00e9e<\/a><\/li><\/ul><\/li><li class='ez-toc-page-1 ez-toc-heading-level-2'><a class=\"ez-toc-link ez-toc-heading-16\" href=\"https:\/\/camporan.com\/fr\/decouvrir-le-monde-en-van-lhistoire-de-marta-et-maria\/#Le_voyage_sans_fin\" >Le voyage sans fin<\/a><ul class='ez-toc-list-level-3' ><li class='ez-toc-heading-level-3'><a class=\"ez-toc-link ez-toc-heading-17\" href=\"https:\/\/camporan.com\/fr\/decouvrir-le-monde-en-van-lhistoire-de-marta-et-maria\/#Un_reve_en_mouvement\" >Un r\u00eave en mouvement<\/a><\/li><li class='ez-toc-page-1 ez-toc-heading-level-3'><a class=\"ez-toc-link ez-toc-heading-18\" href=\"https:\/\/camporan.com\/fr\/decouvrir-le-monde-en-van-lhistoire-de-marta-et-maria\/#La_historia_de_Marta_y_Maria_es_un_testimonio_inspirador_de_la\" >La historia de Marta y Mari\u00e0 es un testimonio inspirador de la<\/a><\/li><\/ul><\/li><li class='ez-toc-page-1 ez-toc-heading-level-2'><a class=\"ez-toc-link ez-toc-heading-19\" href=\"https:\/\/camporan.com\/fr\/decouvrir-le-monde-en-van-lhistoire-de-marta-et-maria\/#Preguntas_Frecuentes_sobre_la_Historia_de_Marta_y_Maria_en_Furgoneta_por_Latinoamerica\" >Preguntas Frecuentes sobre la Historia de Marta y Mari\u00e0 en Furgoneta por Latinoam\u00e9rica<\/a><ul class='ez-toc-list-level-3' ><li class='ez-toc-heading-level-3'><a class=\"ez-toc-link ez-toc-heading-20\" href=\"https:\/\/camporan.com\/fr\/decouvrir-le-monde-en-van-lhistoire-de-marta-et-maria\/#%C2%BFQuienes_son_Marta_y_Maria_y_cual_es_su_historia_en_furgoneta_por_Latinoamerica\" >\u00bfQui\u00e9nes son Marta y Mari\u00e0 y cu\u00e1l es su historia en furgoneta por Latinoam\u00e9rica?<\/a><\/li><li class='ez-toc-page-1 ez-toc-heading-level-3'><a class=\"ez-toc-link ez-toc-heading-21\" href=\"https:\/\/camporan.com\/fr\/decouvrir-le-monde-en-van-lhistoire-de-marta-et-maria\/#%C2%BFCuales_fueron_los_desafios_que_enfrentaron_durante_su_travesia\" >\u00bfCu\u00e1les fueron los desaf\u00edos que enfrentaron durante su traves\u00eda?<\/a><\/li><li class='ez-toc-page-1 ez-toc-heading-level-3'><a class=\"ez-toc-link ez-toc-heading-22\" href=\"https:\/\/camporan.com\/fr\/decouvrir-le-monde-en-van-lhistoire-de-marta-et-maria\/#%C2%BFComo_financiaron_su_viaje_y_mantuvieron_ingresos_mientras_exploraban\" >\u00bfC\u00f3mo financiaron su viaje y mantuvieron ingresos mientras exploraban?<\/a><\/li><li class='ez-toc-page-1 ez-toc-heading-level-3'><a class=\"ez-toc-link ez-toc-heading-23\" href=\"https:\/\/camporan.com\/fr\/decouvrir-le-monde-en-van-lhistoire-de-marta-et-maria\/#%C2%BFQue_impacto_tuvo_su_viaje_en_su_crecimiento_personal_y_espiritual\" >\u00bfQu\u00e9 impacto tuvo su viaje en su crecimiento personal y espiritual?<\/a><\/li><li class='ez-toc-page-1 ez-toc-heading-level-3'><a class=\"ez-toc-link ez-toc-heading-24\" href=\"https:\/\/camporan.com\/fr\/decouvrir-le-monde-en-van-lhistoire-de-marta-et-maria\/#%C2%BFComo_ha_sido_la_interaccion_de_Marta_y_Maria_con_las_comunidades_a_lo_largo_de_su_viaje\" >\u00bfC\u00f3mo ha sido la interacci\u00f3n de Marta y Mari\u00e0 con las comunidades a lo largo de su viaje?<\/a><\/li><\/ul><\/li><\/ul><\/nav><\/div>\n<h2 class=\"wp-block-heading\"><span class=\"ez-toc-section\" id=\"Qui_sont_Marta_et_Maria\"><\/span><strong>Qui sont Marta et Mari\u00e0<\/strong><span class=\"ez-toc-section-end\"><\/span><\/h2>\n\n<ul class=\"wp-block-list\">\n<li><strong><a href=\"http:\/\/linkedin.com\/in\/martatibau\" target=\"_blank\" rel=\"noopener nofollow\" title=\"\">Marta<\/a><\/strong>, <em>la Periodista Intr\u00e9pida<\/em>: Marta Tibau es <strong>periodista de profesi\u00f3n<\/strong> y, como tal, siempre ha tenido una <strong>curiosidad<\/strong> innata por <strong>explorar nuevos lugares y contar historias<\/strong>. <strong>Su amor por los viajes y la aventura <\/strong>la impulsaron a dar un <strong>giro radical en su vida<\/strong>.<\/li>\n\n\n\n<li><strong>Mari\u00e0<\/strong>, <em>el C\u00e1mara de Televisi\u00f3n en Busca de Aventuras<\/em>: Mari\u00e0 Mi\u00f1o, por otro lado, <strong>es c\u00e1mara de televisi\u00f3n<\/strong>. Su habilidad para capturar momentos especiales en el lente de <strong>una c\u00e1mara fue el complemento perfecto<\/strong> para el deseo de Marta de viajar y documentar sus experiencias.<\/li>\n<\/ul>\n\n<figure class=\"wp-block-image aligncenter size-full\"><img loading=\"lazy\" decoding=\"async\" width=\"225\" height=\"225\" src=\"https:\/\/camporan.com\/wp-content\/uploads\/2023\/10\/maria.jpeg\" alt=\"\" class=\"wp-image-11000\" srcset=\"https:\/\/camporan.com\/wp-content\/uploads\/2023\/10\/maria.jpeg 225w, https:\/\/camporan.com\/wp-content\/uploads\/2023\/10\/maria-100x100.jpeg 100w, https:\/\/camporan.com\/wp-content\/uploads\/2023\/10\/maria-80x80.jpeg 80w\" sizes=\"auto, (max-width: 225px) 100vw, 225px\" \/><\/figure>\n\n<h2 class=\"wp-block-heading\"><span class=\"ez-toc-section\" id=\"La_decision_de_se_lancer_dans_laventure\"><\/span><strong>La d\u00e9cision de se lancer dans l&rsquo;aventure<\/strong><span class=\"ez-toc-section-end\"><\/span><\/h2>\n\n<h3 class=\"wp-block-heading\"><span class=\"ez-toc-section\" id=\"Parcourir_13_000_kilometres_de_lArgentine_au_Mexique\"><\/span>Parcourir 13 000 kilom\u00e8tres : de l&rsquo;Argentine au Mexique<span class=\"ez-toc-section-end\"><\/span><\/h3>\n\n<p><strong>Su historia comienza en el a\u00f1o 2012<\/strong> cuando, despu\u00e9s de producir ellos mismos una <strong>serie de televisi\u00f3n dedicada a los viajes en camper<\/strong>, Marta y Mari\u00e0 se dieron cuenta de que tambi\u00e9n deseaban experimentar esta forma de <strong>conocer el mundo<\/strong> en primera persona. <\/p>\n\n<p>Fue entonces cuando tomaron la decisi\u00f3n audaz de <strong>abandonar sus vidas convencionales y lanzarse a la carretera.<\/strong><\/p>\n\n<h3 class=\"wp-block-heading\"><span class=\"ez-toc-section\" id=\"Lappel_de_lAmerique_latine_un_reve_a_realiser\"><\/span>L&rsquo;appel de l&rsquo;Am\u00e9rique latine : un r\u00eave \u00e0 r\u00e9aliser<span class=\"ez-toc-section-end\"><\/span><\/h3>\n\n<p>El destino que eligieron fue <strong>Latinoam\u00e9rica<\/strong>, un continente rico en cultura y belleza natural. Marta y Mari\u00e0 se propusieron descubrir qu\u00e9 esconde esta incre\u00edble regi\u00f3n del planeta. Sin embargo, su viaje no fue un simple paseo. <\/p>\n\n<p>Han estado fuera <strong>durante diez a\u00f1os<\/strong>, recorriendo cerca de <strong>13,000 kil\u00f3metros<\/strong>, desde <strong>Argentina hasta M\u00e9xico<\/strong>, y a\u00fan <strong>contin\u00faan con su emocionante aventura<\/strong>.<\/p>\n\n<h2 class=\"wp-block-heading\"><span class=\"ez-toc-section\" id=\"Une_decennie_sur_la_route\"><\/span><strong>Une d\u00e9cennie sur la route<\/strong><span class=\"ez-toc-section-end\"><\/span><\/h2>\n\n<h3 class=\"wp-block-heading\"><span class=\"ez-toc-section\" id=\"Parcourir_13_000_kilometres_de_lArgentine_au_Mexique-2\"><\/span>Parcourir 13 000 kilom\u00e8tres : de l&rsquo;Argentine au Mexique<span class=\"ez-toc-section-end\"><\/span><\/h3>\n\n<p><strong>Durante esta d\u00e9cada sobre cuatro ruedas<\/strong>, Marta y Mari\u00e0 no solo <strong>han crecido culturalmente <\/strong>al acercarse a otras formas de vivir, sino <strong>tambi\u00e9n espiritualmente<\/strong>. El hecho de <strong>no depender de nadie y ser sus propios jefes<\/strong> les ha proporcionado una libertad antes impensable. <\/p>\n\n<p>Esto les ha permitido ver las cosas desde otra perspectiva y afrontar las situaciones con calma e inteligencia.<\/p>\n\n<h3 class=\"wp-block-heading\"><span class=\"ez-toc-section\" id=\"Une_transformation_personnelle_et_spirituelle\"><\/span>Une transformation personnelle et spirituelle<span class=\"ez-toc-section-end\"><\/span><\/h3>\n\n<p>Adem\u00e1s de su crecimiento personal, <strong>vivir y convivir con personas de otros pa\u00edses <\/strong>les ha llevado a <strong>adoptar algunas costumbres locales<\/strong>. Han incorporado elementos <strong>en su dieta<\/strong> que antes no formaban parte de ella y son m\u00e1s conscientes de su alimentaci\u00f3n. <\/p>\n\n<p>Tambi\u00e9n buscan un <strong>mayor contacto con la naturaleza <\/strong>y suelen elegir rincones tranquilos, donde <strong>el paisaje es la prioridad<\/strong>, sin por ello mantenerse aislados de la sociedad.<\/p>\n\n<p>La gestion des \u00e9motions et des situations quotidiennes est un autre \u00e9l\u00e9ment qu&rsquo;ils ont appris au cours de ce long voyage en van.<\/p>\n\n<h2 class=\"wp-block-heading\"><span class=\"ez-toc-section\" id=\"Durabilite_financiere_dans_le_secteur_des_voyages\"><\/span><strong>Durabilit\u00e9 financi\u00e8re dans le secteur des voyages<\/strong><span class=\"ez-toc-section-end\"><\/span><\/h2>\n\n<h3 class=\"wp-block-heading\"><span class=\"ez-toc-section\" id=\"Financement_des_voyages_de_lepargne_a_la_creativite\"><\/span>Financement des voyages : de l&rsquo;\u00e9pargne \u00e0 la cr\u00e9ativit\u00e9<span class=\"ez-toc-section-end\"><\/span><\/h3>\n\n<p>Por supuesto, para mantenerse en la ruta, Marta y Mari\u00e0 <strong>necesitaban ingresos<\/strong>. Inicialmente, utilizaron sus <strong>ahorros personales<\/strong>, pero a medida que avanzaban en su viaje, <strong>desarrollaron ingeniosas formas de financiarse<\/strong>. <\/p>\n\n<p>Han ejercido como <strong>m\u00fasicos<\/strong>, <strong>artesanos<\/strong> y han <strong>producido v\u00eddeos comerciales<\/strong>. Actualmente, <strong>su canal de YouTube<\/strong>, donde comparten sus experiencias de viaje, les proporciona ingresos para continuar su aventura.<\/p>\n\n<h3 class=\"wp-block-heading\"><span class=\"ez-toc-section\" id=\"Le_pouvoir_de_la_video_plus_de_300_experiences\"><\/span>Le pouvoir de la vid\u00e9o : plus de 300 exp\u00e9riences<span class=\"ez-toc-section-end\"><\/span><\/h3>\n\n<p>Su <a href=\"http:\/\/youtube.com\/furgoenruta\" target=\"_blank\" rel=\"noopener nofollow\" title=\"\">canal de YouTube<\/a> cuenta con m\u00e1s de <strong>300 v\u00eddeos<\/strong> que capturan las experiencias vividas durante su viaje en furgoneta. <strong>Como amantes de la m\u00fasica, tambi\u00e9n han creado un CD llamado \u00ab\u00a0Vamos en Furgo\u00a0\u00bb<\/strong>, que refleja su periplo de nueve a\u00f1os a trav\u00e9s de nueve cautivadoras canciones.<\/p>\n\n<figure class=\"wp-block-image size-full\"><img loading=\"lazy\" decoding=\"async\" width=\"960\" height=\"720\" src=\"https:\/\/camporan.com\/wp-content\/uploads\/2023\/10\/Furgoenruta7.jpg\" alt=\"\" class=\"wp-image-11006\" srcset=\"https:\/\/camporan.com\/wp-content\/uploads\/2023\/10\/Furgoenruta7.jpg 960w, https:\/\/camporan.com\/wp-content\/uploads\/2023\/10\/Furgoenruta7-600x450.jpg 600w, https:\/\/camporan.com\/wp-content\/uploads\/2023\/10\/Furgoenruta7-300x225.jpg 300w, https:\/\/camporan.com\/wp-content\/uploads\/2023\/10\/Furgoenruta7-768x576.jpg 768w, https:\/\/camporan.com\/wp-content\/uploads\/2023\/10\/Furgoenruta7-500x375.jpg 500w\" sizes=\"auto, (max-width: 960px) 100vw, 960px\" \/><\/figure>\n\n<p><\/p>\n\n<h2 class=\"wp-block-heading\"><span class=\"ez-toc-section\" id=\"Lhospitalite_sur_la_route\"><\/span><strong>L&rsquo;hospitalit\u00e9 sur la route<\/strong><span class=\"ez-toc-section-end\"><\/span><\/h2>\n\n<p>Gracias a su presencia en <strong>las redes sociales<\/strong>, Marta y Mari\u00e0 han tenido la suerte de <strong>ser acogidos por familias<\/strong> que los conocieron a trav\u00e9s de su canal de YouTube. Esta generosa hospitalidad ha dado lugar a numerosas an\u00e9cdotas y nuevos amigos en sus viajes.<\/p>\n\n<h2 class=\"wp-block-heading\"><span class=\"ez-toc-section\" id=\"Explorer_les_pays_et_embrasser_les_cultures\"><\/span><strong>Explorer les pays et embrasser les cultures<\/strong><span class=\"ez-toc-section-end\"><\/span><\/h2>\n\n<h3 class=\"wp-block-heading\"><span class=\"ez-toc-section\" id=\"Argentine_et_Colombie_une_annee_dans_chaque_coin\"><\/span>Argentine et Colombie : une ann\u00e9e dans chaque coin<span class=\"ez-toc-section-end\"><\/span><\/h3>\n\n<p>En su odisea por Latinoam\u00e9rica, Marta y Mari\u00e0 se quedaron alrededor de un <strong>a\u00f1o en algunos pa\u00edses<\/strong>, como Argentina y Colombia. Durante su tiempo en estos lugares, <strong>incorporaron algunas costumbres locales<\/strong>, como disfrutar del mate en las ma\u00f1anas, entre otros h\u00e1bitos caracter\u00edsticos de estas regiones.<\/p>\n\n<h3 class=\"wp-block-heading\"><span class=\"ez-toc-section\" id=\"Defis_mecaniques_et_determination\"><\/span><strong>D\u00e9fis m\u00e9caniques et d\u00e9termination<\/strong><span class=\"ez-toc-section-end\"><\/span><\/h3>\n\n<h3 class=\"wp-block-heading\"><span class=\"ez-toc-section\" id=\"Volkswagen_T4_California_Syncro_le_debut_de_lodyssee\"><\/span>Volkswagen T4 California Syncro : le d\u00e9but de l&rsquo;odyss\u00e9e<span class=\"ez-toc-section-end\"><\/span><\/h3>\n\n<p>Cuando comenzaron su aventura, estrenaron su <a href=\"https:\/\/camporan.com\/colchon-para-cama-van\/\" title=\"\">Volkswagen T4 California<\/a> Syncro, que enviaron directamente a Argentina para comenzar su traves\u00eda. Sin embargo, enfrentaron el desaf\u00edo de encontrar piezas de repuesto en tierras extranjeras en caso de aver\u00edas. <\/p>\n\n<p>Aunque la supervivencia a veces era un desaf\u00edo, siempre encontraban una alternativa en los talleres locales para mantener su furgoneta en funcionamiento.<\/p>\n\n<h2 class=\"wp-block-heading\"><span class=\"ez-toc-section\" id=\"Le_voyage_sans_fin\"><\/span><strong>Le voyage sans fin<\/strong><span class=\"ez-toc-section-end\"><\/span><\/h2>\n\n<h3 class=\"wp-block-heading\"><span class=\"ez-toc-section\" id=\"Un_reve_en_mouvement\"><\/span>Un r\u00eave en mouvement<span class=\"ez-toc-section-end\"><\/span><\/h3>\n\n<p>En la actualidad, Marta y Mari\u00e0 siguen en la carretera, <strong>sin mostrar signos de cansancio<\/strong>. <strong>Su deseo de seguir explorando lugares y abrazando nuevas culturas contin\u00faa siendo su motor<\/strong>. No tienen planes de detenerse hasta que ellos mismos decidan que ha llegado el momento.<\/p>\n\n<h3 class=\"wp-block-heading\"><span class=\"ez-toc-section\" id=\"La_historia_de_Marta_y_Maria_es_un_testimonio_inspirador_de_la\"><\/span>La historia de Marta y Mari\u00e0 es un testimonio inspirador de la <span class=\"ez-toc-section-end\"><\/span><\/h3>\n\n<p><strong>perseverancia<\/strong>, <strong>la pasi\u00f3n por los viajes y la determinaci\u00f3n de perseguir tus sue\u00f1os<\/strong> sin importar los obst\u00e1culos. Su viaje en furgoneta por Latinoam\u00e9rica es una aventura que ha <strong>transformado no solo sus vidas<\/strong>, sino tambi\u00e9n la forma en que <strong>ven el mundo que les rodea<\/strong>.<\/p>\n\n<p>En su d\u00e9cada en la carretera, han experimentado un <strong>crecimiento cultural y espiritual profundo<\/strong>. La libertad que han encontrado al no depender de nadie m\u00e1s que de ellos mismos les ha permitido abrazar nuevas costumbres, <strong>cuidar su alimentaci\u00f3n y conectarse con la naturaleza <\/strong>de una manera que nunca imaginaron.<\/p>\n\n<p>Su capacidad para generar ingresos mientras viajan es una prueba de s<strong>u ingenio y creatividad<\/strong>. <\/p>\n\n<p>Desde tocar m\u00fasica en las calles hasta crear videos comerciales y compartir sus experiencias en YouTube, han demostrado que es posible llevar un estilo de vida n\u00f3mada mientras se mantiene una fuente de ingresos constante.<\/p>\n\n<figure class=\"wp-block-image size-full\"><img loading=\"lazy\" decoding=\"async\" width=\"1000\" height=\"562\" src=\"https:\/\/camporan.com\/wp-content\/uploads\/2023\/10\/Furgoenruta-2.jpg\" alt=\"\" class=\"wp-image-11011\" srcset=\"https:\/\/camporan.com\/wp-content\/uploads\/2023\/10\/Furgoenruta-2.jpg 1000w, https:\/\/camporan.com\/wp-content\/uploads\/2023\/10\/Furgoenruta-2-600x337.jpg 600w, https:\/\/camporan.com\/wp-content\/uploads\/2023\/10\/Furgoenruta-2-300x169.jpg 300w, https:\/\/camporan.com\/wp-content\/uploads\/2023\/10\/Furgoenruta-2-768x432.jpg 768w, https:\/\/camporan.com\/wp-content\/uploads\/2023\/10\/Furgoenruta-2-500x281.jpg 500w\" sizes=\"auto, (max-width: 1000px) 100vw, 1000px\" \/><\/figure>\n\n<p>L&rsquo;hospitalit\u00e9 dont ils ont fait l&rsquo;exp\u00e9rience gr\u00e2ce aux m\u00e9dias sociaux a \u00e9galement enrichi leur voyage, leur donnant l&rsquo;occasion de rencontrer des personnes g\u00e9n\u00e9reuses aux quatre coins de l&rsquo;Am\u00e9rique latine.<\/p>\n\n<p>Marta y Mari\u00e0 han demostrado que el viaje <strong>no se trata solo de llegar a un destino<\/strong>, sino de a<strong>brazar la aventura, aprender de las experiencias y<\/strong>, sobre todo, <strong>seguir adelante <\/strong>sin importar los desaf\u00edos que se presenten en el camino.<\/p>\n\n<p>Su historia es un recordatorio de que, <strong>cuando persigues tus pasiones con determinaci\u00f3n, puedes vivir una vida que va m\u00e1s all\u00e1 de la rutina diaria<\/strong> y encontrar la verdadera esencia de la aventura en cada kil\u00f3metro recorrido.<\/p>\n\n<p>  Alors, oseriez-vous tout quitter et prendre la route comme Marta et Mari\u00e0 ? Leur histoire nous montre que les r\u00eaves les plus audacieux peuvent devenir une r\u00e9alit\u00e9 passionnante et gratifiante.<\/p>\n\n<p>Desde <a href=\"https:\/\/camporan.com\" title=\"\">Camporan<\/a>, no solo estimulamos este de seo a ir m\u00e1s all\u00e1, a <strong>descurbir<\/strong> <strong>y a vivir el mundo,<\/strong> hos facilitamos todo lo necesario para que lo pod\u00e1is llevar a cabo<\/p>\n\n<p><\/p>\n\n<h2 class=\"wp-block-heading\"><span class=\"ez-toc-section\" id=\"Preguntas_Frecuentes_sobre_la_Historia_de_Marta_y_Maria_en_Furgoneta_por_Latinoamerica\"><\/span><strong>Preguntas Frecuentes sobre la Historia de Marta y Mari\u00e0 en Furgoneta por Latinoam\u00e9rica<\/strong><span class=\"ez-toc-section-end\"><\/span><\/h2>\n\n<p><\/p>\n\n<h3 class=\"wp-block-heading\"><span class=\"ez-toc-section\" id=\"%C2%BFQuienes_son_Marta_y_Maria_y_cual_es_su_historia_en_furgoneta_por_Latinoamerica\"><\/span><strong>\u00bfQui\u00e9nes son Marta y Mari\u00e0 y cu\u00e1l es su historia en furgoneta por Latinoam\u00e9rica?<\/strong><span class=\"ez-toc-section-end\"><\/span><\/h3>\n\n<p>Marta Tibau y Mari\u00e0 Mi\u00f1o son una pareja que dej\u00f3 atr\u00e1s sus vidas convencionales para embarcarse en una emocionante aventura en furgoneta por Latinoam\u00e9rica. Descubre c\u00f3mo su amor por los viajes y la determinaci\u00f3n los llev\u00f3 a recorrer 13,000 kil\u00f3metros desde Argentina hasta M\u00e9xico.<\/p>\n\n<h3 class=\"wp-block-heading\"><span class=\"ez-toc-section\" id=\"%C2%BFCuales_fueron_los_desafios_que_enfrentaron_durante_su_travesia\"><\/span><strong>\u00bfCu\u00e1les fueron los desaf\u00edos que enfrentaron durante su traves\u00eda?<\/strong><span class=\"ez-toc-section-end\"><\/span><\/h3>\n\n<p>A lo largo de su d\u00e9cada en la carretera, Marta y Mari\u00e0 se enfrentaron a desaf\u00edos mec\u00e1nicos, la gesti\u00f3n de piezas de repuesto para su furgoneta Volkswagen T4 California Syncro, y la necesidad de mantener sostenibilidad financiera en su viaje. Conoce c\u00f3mo superaron estos obst\u00e1culos.<\/p>\n\n<h3 class=\"wp-block-heading\"><span class=\"ez-toc-section\" id=\"%C2%BFComo_financiaron_su_viaje_y_mantuvieron_ingresos_mientras_exploraban\"><\/span><strong>\u00bfC\u00f3mo financiaron su viaje y mantuvieron ingresos mientras exploraban?<\/strong><span class=\"ez-toc-section-end\"><\/span><\/h3>\n\n<p>Inicialmente, utilizaron sus ahorros personales, pero con el tiempo, Marta y Mari\u00e0 desarrollaron ingeniosas formas de financiarse. Desde actuar como m\u00fasicos hasta producir v\u00eddeos comerciales, descubre c\u00f3mo lograron mantenerse en la ruta y continuar su aventura, incluso a trav\u00e9s de su exitoso canal de YouTube.<\/p>\n\n<h3 class=\"wp-block-heading\"><span class=\"ez-toc-section\" id=\"%C2%BFQue_impacto_tuvo_su_viaje_en_su_crecimiento_personal_y_espiritual\"><\/span><strong>\u00bfQu\u00e9 impacto tuvo su viaje en su crecimiento personal y espiritual?<\/strong><span class=\"ez-toc-section-end\"><\/span><\/h3>\n\n<p>A lo largo de su odisea, Marta y Mari\u00e0 experimentaron un profundo crecimiento cultural y espiritual. La libertad de ser sus propios jefes les permiti\u00f3 ver las cosas desde otra perspectiva y afrontar las situaciones con calma e inteligencia. Adem\u00e1s, adoptaron costumbres locales y se conectaron con la naturaleza de maneras inesperadas.<\/p>\n\n<h3 class=\"wp-block-heading\"><span class=\"ez-toc-section\" id=\"%C2%BFComo_ha_sido_la_interaccion_de_Marta_y_Maria_con_las_comunidades_a_lo_largo_de_su_viaje\"><\/span><strong>\u00bfC\u00f3mo ha sido la interacci\u00f3n de Marta y Mari\u00e0 con las comunidades a lo largo de su viaje?<\/strong><span class=\"ez-toc-section-end\"><\/span><\/h3>\n\n<p>Gracias a su presencia en redes sociales y su canal de YouTube, Marta y Mari\u00e0 han experimentado una generosa hospitalidad por parte de comunidades que conocieron en la ruta. Descubre c\u00f3mo esta interacci\u00f3n ha enriquecido su viaje, brind\u00e1ndoles oportunidades para conocer personas generosas en cada rinc\u00f3n de Latinoam\u00e9rica.<\/p>\n\n{\u00ab\u00a0@context\u00a0\u00bb:\u00a0\u00bbhttps:\/\/schema.org\u00a0\u00bb,\u00a0\u00bb@type\u00a0\u00bb:\u00a0\u00bbFAQPage\u00a0\u00bb,\u00a0\u00bbmainEntity\u00a0\u00bb:[{\u00ab\u00a0@type\u00a0\u00bb:\u00a0\u00bbQuestion\u00a0\u00bb,\u00a0\u00bbname\u00a0\u00bb:\u00a0\u00bb\u00bfQui\u00e9nes son Marta y Mari\u00e0 y cu\u00e1l es su historia en furgoneta por Latinoam\u00e9rica?\u00a0\u00bb,\u00a0\u00bbacceptedAnswer\u00a0\u00bb:{\u00ab\u00a0@type\u00a0\u00bb:\u00a0\u00bbAnswer\u00a0\u00bb,\u00a0\u00bbtext\u00a0\u00bb:\u00a0\u00bbMarta Tibau y Mari\u00e0 Mi\u00f1o son una pareja que dej\u00f3 atr\u00e1s sus vidas convencionales para embarcarse en una emocionante aventura en furgoneta por Latinoam\u00e9rica. Descubre c\u00f3mo su amor por los viajes y la determinaci\u00f3n los llev\u00f3 a recorrer 13,000 kil\u00f3metros desde Argentina hasta M\u00e9xico.\u00a0\u00bb}},{\u00ab\u00a0@type\u00a0\u00bb:\u00a0\u00bbQuestion\u00a0\u00bb,\u00a0\u00bbname\u00a0\u00bb:\u00a0\u00bb\u00bfCu\u00e1les fueron los desaf\u00edos que enfrentaron durante su traves\u00eda?\u00a0\u00bb,\u00a0\u00bbacceptedAnswer\u00a0\u00bb:{\u00ab\u00a0@type\u00a0\u00bb:\u00a0\u00bbAnswer\u00a0\u00bb,\u00a0\u00bbtext\u00a0\u00bb:\u00a0\u00bbA lo largo de su d\u00e9cada en la carretera, Marta y Mari\u00e0 se enfrentaron a desaf\u00edos mec\u00e1nicos, la gesti\u00f3n de piezas de repuesto para su furgoneta Volkswagen T4 California Syncro, y la necesidad de mantener sostenibilidad financiera en su viaje. Conoce c\u00f3mo superaron estos obst\u00e1culos.\u00a0\u00bb}},{\u00ab\u00a0@type\u00a0\u00bb:\u00a0\u00bbQuestion\u00a0\u00bb,\u00a0\u00bbname\u00a0\u00bb:\u00a0\u00bb\u00bfC\u00f3mo financiaron su viaje y mantuvieron ingresos mientras exploraban?\u00a0\u00bb,\u00a0\u00bbacceptedAnswer\u00a0\u00bb:{\u00ab\u00a0@type\u00a0\u00bb:\u00a0\u00bbAnswer\u00a0\u00bb,\u00a0\u00bbtext\u00a0\u00bb:\u00a0\u00bbInicialmente, utilizaron sus ahorros personales, pero con el tiempo, Marta y Mari\u00e0 desarrollaron ingeniosas formas de financiarse. Desde actuar como m\u00fasicos hasta producir v\u00eddeos comerciales, descubre c\u00f3mo lograron mantenerse en la ruta y continuar su aventura, incluso a trav\u00e9s de su exitoso canal de YouTube.\u00a0\u00bb}},{\u00ab\u00a0@type\u00a0\u00bb:\u00a0\u00bbQuestion\u00a0\u00bb,\u00a0\u00bbname\u00a0\u00bb:\u00a0\u00bb\u00bfQu\u00e9 impacto tuvo su viaje en su crecimiento personal y espiritual?\u00a0\u00bb,\u00a0\u00bbacceptedAnswer\u00a0\u00bb:{\u00ab\u00a0@type\u00a0\u00bb:\u00a0\u00bbAnswer\u00a0\u00bb,\u00a0\u00bbtext\u00a0\u00bb:\u00a0\u00bbA lo largo de su odisea, Marta y Mari\u00e0 experimentaron un profundo crecimiento cultural y espiritual. La libertad de ser sus propios jefes les permiti\u00f3 ver las cosas desde otra perspectiva y afrontar las situaciones con calma e inteligencia. Adem\u00e1s, adoptaron costumbres locales y se conectaron con la naturaleza de maneras inesperadas.\u00a0\u00bb}},{\u00ab\u00a0@type\u00a0\u00bb:\u00a0\u00bbQuestion\u00a0\u00bb,\u00a0\u00bbname\u00a0\u00bb:\u00a0\u00bb\u00bfC\u00f3mo ha sido la interacci\u00f3n de Marta y Mari\u00e0 con las comunidades a lo largo de su viaje?\u00a0\u00bb,\u00a0\u00bbacceptedAnswer\u00a0\u00bb:{\u00ab\u00a0@type\u00a0\u00bb:\u00a0\u00bbAnswer\u00a0\u00bb,\u00a0\u00bbtext\u00a0\u00bb:\u00a0\u00bbGracias a su presencia en redes sociales y su canal de YouTube, Marta y Mari\u00e0 han experimentado una generosa hospitalidad por parte de comunidades que conocieron en la ruta. Descubre c\u00f3mo esta interacci\u00f3n ha enriquecido su viaje, brind\u00e1ndoles oportunidades para conocer personas generosas en cada rinc\u00f3n de Latinoam\u00e9rica.\u00a0\u00bb}}]}\n\n<!-- JSON-LD Generated by: https:\/\/hallanalysis.com\/json-ld-generator\/ -->\n \n{\n  \u00ab\u00a0@context\u00a0\u00bb: \u00ab\u00a0http:\/\/www.schema.org\u00a0\u00bb,\n  \u00ab\u00a0@type\u00a0\u00bb: \u00ab\u00a0Article\u00a0\u00bb,\n  \u00ab\u00a0@id\u00a0\u00bb: \u00ab\u00a0https:\/\/www.wikidata.org\/wiki\/Q191067\u00a0\u00bb,\n  \u00ab\u00a0headline\u00a0\u00bb: \u00ab\u00a0Descubriendo el Mundo en Furgoneta: La Historia de Marta y Mari\u00e0\u00a0\u00bb,\n  \u00ab\u00a0image\u00a0\u00bb: \u00ab\u00a0https:\/\/camporan.com\/wp-content\/uploads\/2023\/10\/marta-y-maria.jpeg\u00a0\u00bb,\n  \u00ab\u00a0url\u00a0\u00bb: \u00ab\u00a0https:\/\/camporan.com\/descubriendo-el-mundo-en-furgoneta-la-historia-de-marta-y-maria\/\u00a0\u00bb,\n  \u00ab\u00a0mainEntityOfPage\u00a0\u00bb: {\n    \u00ab\u00a0@type\u00a0\u00bb: \u00ab\u00a0WebPage\u00a0\u00bb,\n    \u00ab\u00a0@id\u00a0\u00bb: \u00ab\u00a0https:\/\/www.wikidata.org\/wiki\/Q36774\u00a0\u00bb\n  },\n  \u00ab\u00a0genre\u00a0\u00bb: \u00ab\u00a0camper\u00a0\u00bb,\n  \u00ab\u00a0keywords\u00a0\u00bb: \u00ab\u00a0Descubriendo el Mundo en Furgoneta\u00a0\u00bb,\n  \u00ab\u00a0datePublished\u00a0\u00bb: \u00ab\u00a02023-10-03T11:56:23+02:00\u00a0\u00bb,\n  \u00ab\u00a0dateModified\u00a0\u00bb: \u00ab\u00a02023-11-27T11:30:00+02:00\u00a0\u00bb,\n  \u00ab\u00a0description\u00a0\u00bb: \u00ab\u00a0Viajar es una pasi\u00f3n que reside en el coraz\u00f3n de muchos de nosotros. La idea de dejar atr\u00e1s la rutina diaria, lanzarse a la carretera y explorar el mundo.\u00a0\u00bb\n}\n","protected":false},"excerpt":{"rendered":"<p>Viajar es una pasi\u00f3n que reside en el coraz\u00f3n de muchos de nosotros. La idea de dejar atr\u00e1s la rutina diaria, lanzarse a la carretera y explorar el mundo es un sue\u00f1o compartido por muchos. \u00bfAlguna vez te has planteado abandonar todo y seguir ese deseo de aventura? Si es as\u00ed, esta historia te va [&hellip;]<\/p>\n","protected":false},"author":111,"featured_media":10998,"comment_status":"open","ping_status":"closed","sticky":false,"template":"","format":"aside","meta":{"om_disable_all_campaigns":false,"_uag_custom_page_level_css":"","site-sidebar-layout":"default","site-content-layout":"","ast-site-content-layout":"default","site-content-style":"default","site-sidebar-style":"default","ast-global-header-display":"","ast-banner-title-visibility":"","ast-main-header-display":"","ast-hfb-above-header-display":"","ast-hfb-below-header-display":"","ast-hfb-mobile-header-display":"","site-post-title":"","ast-breadcrumbs-content":"","ast-featured-img":"","footer-sml-layout":"","ast-disable-related-posts":"","theme-transparent-header-meta":"","adv-header-id-meta":"","stick-header-meta":"","header-above-stick-meta":"","header-main-stick-meta":"","header-below-stick-meta":"","astra-migrate-meta-layouts":"default","ast-page-background-enabled":"default","ast-page-background-meta":{"desktop":{"background-color":"","background-image":"","background-repeat":"repeat","background-position":"center center","background-size":"auto","background-attachment":"scroll","background-type":"","background-media":"","overlay-type":"","overlay-color":"","overlay-opacity":"","overlay-gradient":""},"tablet":{"background-color":"","background-image":"","background-repeat":"repeat","background-position":"center center","background-size":"auto","background-attachment":"scroll","background-type":"","background-media":"","overlay-type":"","overlay-color":"","overlay-opacity":"","overlay-gradient":""},"mobile":{"background-color":"","background-image":"","background-repeat":"repeat","background-position":"center center","background-size":"auto","background-attachment":"scroll","background-type":"","background-media":"","overlay-type":"","overlay-color":"","overlay-opacity":"","overlay-gradient":""}},"ast-content-background-meta":{"desktop":{"background-color":"var(--ast-global-color-5)","background-image":"","background-repeat":"repeat","background-position":"center center","background-size":"auto","background-attachment":"scroll","background-type":"","background-media":"","overlay-type":"","overlay-color":"","overlay-opacity":"","overlay-gradient":""},"tablet":{"background-color":"var(--ast-global-color-5)","background-image":"","background-repeat":"repeat","background-position":"center center","background-size":"auto","background-attachment":"scroll","background-type":"","background-media":"","overlay-type":"","overlay-color":"","overlay-opacity":"","overlay-gradient":""},"mobile":{"background-color":"var(--ast-global-color-5)","background-image":"","background-repeat":"repeat","background-position":"center center","background-size":"auto","background-attachment":"scroll","background-type":"","background-media":"","overlay-type":"","overlay-color":"","overlay-opacity":"","overlay-gradient":""}},"footnotes":""},"categories":[19],"tags":[],"class_list":["post-11044","post","type-post","status-publish","format-aside","has-post-thumbnail","hentry","category-non-classifiee","post_format-post-format-aside"],"aioseo_notices":[],"spectra_custom_meta":{"_pingme":["1"],"_encloseme":["1"],"_schema_ref":["5093"],"_alp_processed":["1766070184"],"_wpml_media_duplicate":["1"],"_wpml_media_featured":["1"],"theme-transparent-header-meta":[""],"stick-header-meta":[""],"adv-header-id-meta":[""],"_top_nav_excluded":[""],"_cms_nav_minihome":[""],"_thumbnail_id":["10998"],"_last_translation_edit_mode":["translation-editor"],"_schema_json":["a:12:{s:8:\"@context\";s:19:\"https:\/\/schema.org\/\";s:5:\"@type\";s:11:\"BlogPosting\";s:16:\"mainEntityOfPage\";a:2:{s:5:\"@type\";s:7:\"WebPage\";s:3:\"@id\";s:78:\"https:\/\/camporan.com\/fr\/decouvrir-le-monde-en-van-lhistoire-de-marta-et-maria\/\";}s:3:\"url\";s:78:\"https:\/\/camporan.com\/fr\/decouvrir-le-monde-en-van-lhistoire-de-marta-et-maria\/\";s:8:\"headline\";s:58:\"D\u00e9couvrir le monde en van : l'histoire de Marta et Mari\u00e0\";s:13:\"datePublished\";s:25:\"2023-10-11T16:37:37+02:00\";s:12:\"dateModified\";s:25:\"2025-12-18T16:03:01+01:00\";s:9:\"publisher\";a:4:{s:5:\"@type\";s:12:\"Organization\";s:3:\"@id\";s:37:\"https:\/\/camporan.com\/fr\/#organization\";s:4:\"name\";s:12:\"Camporan.com\";s:4:\"logo\";a:4:{s:5:\"@type\";s:11:\"ImageObject\";s:3:\"url\";s:0:\"\";s:5:\"width\";i:600;s:6:\"height\";i:60;}}s:5:\"image\";a:4:{s:5:\"@type\";s:11:\"ImageObject\";s:3:\"url\";s:66:\"https:\/\/camporan.com\/wp-content\/uploads\/2023\/10\/marta-y-maria.jpeg\";s:5:\"width\";i:996;s:6:\"height\";i:747;}s:14:\"articleSection\";s:17:\"Non classifi\u00e9(e)\";s:11:\"description\";s:272:\"Viajar es una pasi\u00f3n que reside en el coraz\u00f3n de muchos de nosotros. La idea de dejar atr\u00e1s la rutina diaria, lanzarse a la carretera y explorar el mundo es un sue\u00f1o compartido por muchos. \u00bfAlguna vez te has planteado abandonar todo y seguir ese deseo de aventura? Si\";s:6:\"author\";a:4:{s:5:\"@type\";s:6:\"Person\";s:4:\"name\";s:9:\"marketing\";s:3:\"url\";s:41:\"https:\/\/camporan.com\/fr\/author\/marketing\/\";s:5:\"image\";a:4:{s:5:\"@type\";s:11:\"ImageObject\";s:3:\"url\";s:113:\"https:\/\/secure.gravatar.com\/avatar\/c35b5f00a75ed12d93901544ee6b220c8e58b13ed0006e4b196eae36e4fd44fc?s=96&d=mm&r=g\";s:6:\"height\";i:96;s:5:\"width\";i:96;}}}"],"_schema_json_timestamp":["1776959565"],"ast-site-content-layout":["default"],"_cmplz_scanned_post":["1"],"_wpml_media_has_media":["1"],"_uagb_previous_block_counts":["a:90:{s:21:\"uagb\/advanced-heading\";i:0;s:15:\"uagb\/blockquote\";i:0;s:12:\"uagb\/buttons\";i:0;s:18:\"uagb\/buttons-child\";i:0;s:19:\"uagb\/call-to-action\";i:0;s:15:\"uagb\/cf7-styler\";i:0;s:11:\"uagb\/column\";i:0;s:12:\"uagb\/columns\";i:0;s:14:\"uagb\/container\";i:0;s:21:\"uagb\/content-timeline\";i:0;s:27:\"uagb\/content-timeline-child\";i:0;s:14:\"uagb\/countdown\";i:0;s:12:\"uagb\/counter\";i:0;s:8:\"uagb\/faq\";i:0;s:14:\"uagb\/faq-child\";i:0;s:10:\"uagb\/forms\";i:0;s:17:\"uagb\/forms-accept\";i:0;s:19:\"uagb\/forms-checkbox\";i:0;s:15:\"uagb\/forms-date\";i:0;s:16:\"uagb\/forms-email\";i:0;s:17:\"uagb\/forms-hidden\";i:0;s:15:\"uagb\/forms-name\";i:0;s:16:\"uagb\/forms-phone\";i:0;s:16:\"uagb\/forms-radio\";i:0;s:17:\"uagb\/forms-select\";i:0;s:19:\"uagb\/forms-textarea\";i:0;s:17:\"uagb\/forms-toggle\";i:0;s:14:\"uagb\/forms-url\";i:0;s:14:\"uagb\/gf-styler\";i:0;s:15:\"uagb\/google-map\";i:0;s:11:\"uagb\/how-to\";i:0;s:16:\"uagb\/how-to-step\";i:0;s:9:\"uagb\/icon\";i:0;s:14:\"uagb\/icon-list\";i:0;s:20:\"uagb\/icon-list-child\";i:0;s:10:\"uagb\/image\";i:0;s:18:\"uagb\/image-gallery\";i:0;s:13:\"uagb\/info-box\";i:0;s:18:\"uagb\/inline-notice\";i:0;s:11:\"uagb\/lottie\";i:0;s:21:\"uagb\/marketing-button\";i:0;s:10:\"uagb\/modal\";i:0;s:18:\"uagb\/popup-builder\";i:0;s:16:\"uagb\/post-button\";i:0;s:18:\"uagb\/post-carousel\";i:0;s:17:\"uagb\/post-excerpt\";i:0;s:14:\"uagb\/post-grid\";i:0;s:15:\"uagb\/post-image\";i:0;s:17:\"uagb\/post-masonry\";i:0;s:14:\"uagb\/post-meta\";i:0;s:18:\"uagb\/post-taxonomy\";i:0;s:18:\"uagb\/post-timeline\";i:0;s:15:\"uagb\/post-title\";i:0;s:20:\"uagb\/restaurant-menu\";i:0;s:26:\"uagb\/restaurant-menu-child\";i:0;s:11:\"uagb\/review\";i:0;s:12:\"uagb\/section\";i:0;s:14:\"uagb\/separator\";i:0;s:11:\"uagb\/slider\";i:0;s:17:\"uagb\/slider-child\";i:0;s:17:\"uagb\/social-share\";i:0;s:23:\"uagb\/social-share-child\";i:0;s:16:\"uagb\/star-rating\";i:0;s:23:\"uagb\/sure-cart-checkout\";i:0;s:22:\"uagb\/sure-cart-product\";i:0;s:15:\"uagb\/sure-forms\";i:0;s:22:\"uagb\/table-of-contents\";i:0;s:9:\"uagb\/tabs\";i:0;s:15:\"uagb\/tabs-child\";i:0;s:18:\"uagb\/taxonomy-list\";i:0;s:9:\"uagb\/team\";i:0;s:16:\"uagb\/testimonial\";i:0;s:14:\"uagb\/wp-search\";i:0;s:19:\"uagb\/instagram-feed\";i:0;s:10:\"uagb\/login\";i:0;s:17:\"uagb\/loop-builder\";i:0;s:18:\"uagb\/loop-category\";i:0;s:20:\"uagb\/loop-pagination\";i:0;s:15:\"uagb\/loop-reset\";i:0;s:16:\"uagb\/loop-search\";i:0;s:14:\"uagb\/loop-sort\";i:0;s:17:\"uagb\/loop-wrapper\";i:0;s:13:\"uagb\/register\";i:0;s:19:\"uagb\/register-email\";i:0;s:24:\"uagb\/register-first-name\";i:0;s:23:\"uagb\/register-last-name\";i:0;s:22:\"uagb\/register-password\";i:0;s:30:\"uagb\/register-reenter-password\";i:0;s:19:\"uagb\/register-terms\";i:0;s:22:\"uagb\/register-username\";i:0;}"]},"uagb_featured_image_src":{"full":["https:\/\/camporan.com\/wp-content\/uploads\/2023\/10\/marta-y-maria.jpeg",996,747,false],"thumbnail":["https:\/\/camporan.com\/wp-content\/uploads\/2023\/10\/marta-y-maria-80x80.jpeg",80,80,true],"medium":["https:\/\/camporan.com\/wp-content\/uploads\/2023\/10\/marta-y-maria-300x225.jpeg",300,225,true],"medium_large":["https:\/\/camporan.com\/wp-content\/uploads\/2023\/10\/marta-y-maria-768x576.jpeg",768,576,true],"large":["https:\/\/camporan.com\/wp-content\/uploads\/2023\/10\/marta-y-maria.jpeg",996,747,false],"1536x1536":["https:\/\/camporan.com\/wp-content\/uploads\/2023\/10\/marta-y-maria.jpeg",996,747,false],"2048x2048":["https:\/\/camporan.com\/wp-content\/uploads\/2023\/10\/marta-y-maria.jpeg",996,747,false],"woocommerce_thumbnail":["https:\/\/camporan.com\/wp-content\/uploads\/2023\/10\/marta-y-maria-600x450.jpeg",600,450,true],"woocommerce_single":["https:\/\/camporan.com\/wp-content\/uploads\/2023\/10\/marta-y-maria-600x450.jpeg",600,450,true],"woocommerce_gallery_thumbnail":["https:\/\/camporan.com\/wp-content\/uploads\/2023\/10\/marta-y-maria-100x100.jpeg",100,100,true],"wcpr-photo-reviews":["https:\/\/camporan.com\/wp-content\/uploads\/2023\/10\/marta-y-maria.jpeg",500,375,false]},"uagb_author_info":{"display_name":"marketing","author_link":"https:\/\/camporan.com\/fr\/author\/marketing\/"},"uagb_comment_info":0,"uagb_excerpt":"Viajar es una pasi\u00f3n que reside en el coraz\u00f3n de muchos de nosotros. La idea de dejar atr\u00e1s la rutina diaria, lanzarse a la carretera y explorar el mundo es un sue\u00f1o compartido por muchos. \u00bfAlguna vez te has planteado abandonar todo y seguir ese deseo de aventura? Si es as\u00ed, esta historia te va\u2026","_links":{"self":[{"href":"https:\/\/camporan.com\/fr\/wp-json\/wp\/v2\/posts\/11044","targetHints":{"allow":["GET"]}}],"collection":[{"href":"https:\/\/camporan.com\/fr\/wp-json\/wp\/v2\/posts"}],"about":[{"href":"https:\/\/camporan.com\/fr\/wp-json\/wp\/v2\/types\/post"}],"author":[{"embeddable":true,"href":"https:\/\/camporan.com\/fr\/wp-json\/wp\/v2\/users\/111"}],"replies":[{"embeddable":true,"href":"https:\/\/camporan.com\/fr\/wp-json\/wp\/v2\/comments?post=11044"}],"version-history":[{"count":1,"href":"https:\/\/camporan.com\/fr\/wp-json\/wp\/v2\/posts\/11044\/revisions"}],"predecessor-version":[{"id":14551,"href":"https:\/\/camporan.com\/fr\/wp-json\/wp\/v2\/posts\/11044\/revisions\/14551"}],"wp:featuredmedia":[{"embeddable":true,"href":"https:\/\/camporan.com\/fr\/wp-json\/wp\/v2\/media\/10998"}],"wp:attachment":[{"href":"https:\/\/camporan.com\/fr\/wp-json\/wp\/v2\/media?parent=11044"}],"wp:term":[{"taxonomy":"category","embeddable":true,"href":"https:\/\/camporan.com\/fr\/wp-json\/wp\/v2\/categories?post=11044"},{"taxonomy":"post_tag","embeddable":true,"href":"https:\/\/camporan.com\/fr\/wp-json\/wp\/v2\/tags?post=11044"}],"curies":[{"name":"wp","href":"https:\/\/api.w.org\/{rel}","templated":true}]}}