{"id":11072,"date":"2023-10-11T16:48:34","date_gmt":"2023-10-11T14:48:34","guid":{"rendered":"http:\/\/www.camporan.com\/heinz-stucke-un-viatge-en-bicicleta-de-mes-de-50-anys-al-voltant-del-mon\/"},"modified":"2025-12-18T16:02:48","modified_gmt":"2025-12-18T15:02:48","slug":"heinz-stucke-un-viatge-en-bicicleta-de-mes-de-50-anys-al-voltant-del-mon","status":"publish","type":"post","link":"https:\/\/camporan.com\/ca\/heinz-stucke-un-viatge-en-bicicleta-de-mes-de-50-anys-al-voltant-del-mon\/","title":{"rendered":"Heinz St\u00fccke: Un Viatge en Bicicleta de M\u00e9s de 50 Anys al voltant del M\u00f3n"},"content":{"rendered":"\n<p>Avui volem compartir la inspiradora hist\u00f2ria d&#8217;alg\u00fa que va perseguir la seva passi\u00f3 i va complir els seus somnis viatjant pel m\u00f3n. Heinz St\u00fccke H\u00f6velhof, originari de Ren\u00e0nia del Nord-Westf\u00e0lia, Alemanya, va decidir emprendre una odissea \u00fanica en la seva vida: rec\u00f3rrer el m\u00f3n amb bicicleta durant m\u00e9s de 50 anys. En la seva travessia, va demostrar que el fonamental no \u00e9s el mitj\u00e0 de transport, sin\u00f3 dues coses essencials: fer el que amaga i explorar el m\u00f3n. Des del 1995 fins al 1999, el Llibre Guinness dels R\u00e8cords el va recon\u00e8ixer com la persona que m\u00e9s quil\u00f2metres va rec\u00f3rrer amb bicicleta en la hist\u00f2ria de la humanitat.<\/p>\n\n<div id=\"ez-toc-container\" class=\"ez-toc-v2_0_82_2 counter-hierarchy ez-toc-counter ez-toc-grey ez-toc-container-direction\">\n<div class=\"ez-toc-title-container\">\n<p class=\"ez-toc-title\" style=\"cursor:inherit\">Table of Contents<\/p>\n<span class=\"ez-toc-title-toggle\"><a href=\"#\" class=\"ez-toc-pull-right ez-toc-btn ez-toc-btn-xs ez-toc-btn-default ez-toc-toggle\" aria-label=\"Toggle Table of Content\"><span class=\"ez-toc-js-icon-con\"><span class=\"\"><span class=\"eztoc-hide\" style=\"display:none;\">Toggle<\/span><span class=\"ez-toc-icon-toggle-span\"><svg style=\"fill: #999;color:#999\" xmlns=\"http:\/\/www.w3.org\/2000\/svg\" class=\"list-377408\" width=\"20px\" height=\"20px\" viewBox=\"0 0 24 24\" fill=\"none\"><path d=\"M6 6H4v2h2V6zm14 0H8v2h12V6zM4 11h2v2H4v-2zm16 0H8v2h12v-2zM4 16h2v2H4v-2zm16 0H8v2h12v-2z\" fill=\"currentColor\"><\/path><\/svg><svg style=\"fill: #999;color:#999\" class=\"arrow-unsorted-368013\" xmlns=\"http:\/\/www.w3.org\/2000\/svg\" width=\"10px\" height=\"10px\" viewBox=\"0 0 24 24\" version=\"1.2\" baseProfile=\"tiny\"><path d=\"M18.2 9.3l-6.2-6.3-6.2 6.3c-.2.2-.3.4-.3.7s.1.5.3.7c.2.2.4.3.7.3h11c.3 0 .5-.1.7-.3.2-.2.3-.5.3-.7s-.1-.5-.3-.7zM5.8 14.7l6.2 6.3 6.2-6.3c.2-.2.3-.5.3-.7s-.1-.5-.3-.7c-.2-.2-.4-.3-.7-.3h-11c-.3 0-.5.1-.7.3-.2.2-.3.5-.3.7s.1.5.3.7z\"\/><\/svg><\/span><\/span><\/span><\/a><\/span><\/div>\n<nav><ul class='ez-toc-list ez-toc-list-level-1 ' ><li class='ez-toc-page-1 ez-toc-heading-level-2'><a class=\"ez-toc-link ez-toc-heading-1\" href=\"https:\/\/camporan.com\/ca\/heinz-stucke-un-viatge-en-bicicleta-de-mes-de-50-anys-al-voltant-del-mon\/#El_Comencament_dun_Somni\" >El Comen\u00e7ament d&#8217;un Somni<\/a><\/li><li class='ez-toc-page-1 ez-toc-heading-level-2'><a class=\"ez-toc-link ez-toc-heading-2\" href=\"https:\/\/camporan.com\/ca\/heinz-stucke-un-viatge-en-bicicleta-de-mes-de-50-anys-al-voltant-del-mon\/#Records_i_Metes_Ambicioses\" >R\u00e8cords i Metes Ambicioses<\/a><\/li><li class='ez-toc-page-1 ez-toc-heading-level-2'><a class=\"ez-toc-link ez-toc-heading-3\" href=\"https:\/\/camporan.com\/ca\/heinz-stucke-un-viatge-en-bicicleta-de-mes-de-50-anys-al-voltant-del-mon\/#Aprenentatge_d_Idiomes_i_Sustent\" >Aprenentatge d&#8217; Idiomes i Sustent<\/a><\/li><li class='ez-toc-page-1 ez-toc-heading-level-2'><a class=\"ez-toc-link ez-toc-heading-4\" href=\"https:\/\/camporan.com\/ca\/heinz-stucke-un-viatge-en-bicicleta-de-mes-de-50-anys-al-voltant-del-mon\/#Contratemps_i_Desafiaments\" >Contratemps i Desafiaments<\/a><\/li><li class='ez-toc-page-1 ez-toc-heading-level-2'><a class=\"ez-toc-link ez-toc-heading-5\" href=\"https:\/\/camporan.com\/ca\/heinz-stucke-un-viatge-en-bicicleta-de-mes-de-50-anys-al-voltant-del-mon\/#Una_Vida_Immortalitzada\" >Una Vida Immortalitzada<\/a><\/li><\/ul><\/nav><\/div>\n<h2 class=\"wp-block-heading\"><span class=\"ez-toc-section\" id=\"El_Comencament_dun_Somni\"><\/span><strong>El Comen\u00e7ament d&#8217;un Somni<\/strong><span class=\"ez-toc-section-end\"><\/span><\/h2>\n\n<p>La hist\u00f2ria de Heinz St\u00fccke va comen\u00e7ar als 22 anys, quan va deixar enrere el seu treball mon\u00f2ton com a mec\u00e0nic en una f\u00e0brica i va agarrar la seva modesta bicicleta de tres velocitats per descobrir el que existia m\u00e9s enll\u00e0 de les fronteres de la seva ciutat natal. Inspirat per altres viatgers que havien explorat el m\u00f3n sense grans recursos econ\u00f2mics, es va preguntar: &#8220;Si d&#8217;altres poden fer-ho, per qu\u00e8 jo no?&#8221;. Sense dubtar-ho, va abandonar la seva rutina i va emprendre una aventura que duraria cinc d\u00e8cades. La satisfacci\u00f3 que reflecteix en el seu rostre avui dia \u00e9s el testimoni que va prendre la decisi\u00f3 correcta en seguir els seus somnis.<\/p>\n\n<figure class=\"wp-block-image size-full\"><img loading=\"lazy\" decoding=\"async\" width=\"654\" height=\"436\" src=\"https:\/\/camporan.com\/wp-content\/uploads\/2023\/09\/HeinzStucke.jpg\" alt=\"HeinzStucke\" class=\"wp-image-10945\" srcset=\"https:\/\/camporan.com\/wp-content\/uploads\/2023\/09\/HeinzStucke.jpg 654w, https:\/\/camporan.com\/wp-content\/uploads\/2023\/09\/HeinzStucke-600x400.jpg 600w, https:\/\/camporan.com\/wp-content\/uploads\/2023\/09\/HeinzStucke-300x200.jpg 300w, https:\/\/camporan.com\/wp-content\/uploads\/2023\/09\/HeinzStucke-500x333.jpg 500w\" sizes=\"auto, (max-width: 654px) 100vw, 654px\" \/><figcaption class=\"wp-element-caption\">HeinzStucke<\/figcaption><\/figure>\n\n<h2 class=\"wp-block-heading\"><span class=\"ez-toc-section\" id=\"Records_i_Metes_Ambicioses\"><\/span><strong>R\u00e8cords i Metes Ambicioses<\/strong><span class=\"ez-toc-section-end\"><\/span><\/h2>\n\n<p>Al llarg de la seva travessia, Heinz St\u00fccke no nom\u00e9s va experimentar una varietat de sensacions, sin\u00f3 que tamb\u00e9 va deixar una marca imborrable en la hist\u00f2ria del cicloturisme. El 1995, va establir el r\u00e8cord mundial de cicloturisme. No obstant aix\u00f2, aix\u00f2 va ser nom\u00e9s una part del seu llegat. Entre 1962 i 2010, va rec\u00f3rrer en la seva bicicleta m\u00e9s de 609,000 quil\u00f2metres, visitant 195 pa\u00efsos i 78 territoris.<\/p>\n\n<h2 class=\"wp-block-heading\"><span class=\"ez-toc-section\" id=\"Aprenentatge_d_Idiomes_i_Sustent\"><\/span><strong>Aprenentatge d&#8217; Idiomes i Sustent<\/strong><span class=\"ez-toc-section-end\"><\/span><\/h2>\n\n<p>Una pregunta que segurament et fas \u00e9s com es comunicava amb les persones en els seus viatges. St\u00fccke se submergia en les cultures locals i s&#8217;esfor\u00e7ava per aprendre idiomes. Va desenvolupar la seva pr\u00f2pia t\u00e8cnica per dominar diferents idiomes. A m\u00e9s de la seva passi\u00f3 per viatjar, tamb\u00e9 tenia un amor per la fotografia, havent pres m\u00e9s de 100,000 imatges al llarg de les seves aventures. Finan\u00e7ava els seus viatges mitjan\u00e7ant llic\u00e8ncies de les seves fotografies, donacions i la venda dels seus escrits de viatge, postals i fullets que inclo\u00efen les seves imatges.<\/p>\n\n<h2 class=\"wp-block-heading\"><span class=\"ez-toc-section\" id=\"Contratemps_i_Desafiaments\"><\/span><strong>Contratemps i Desafiaments<\/strong><span class=\"ez-toc-section-end\"><\/span><\/h2>\n\n<p>Malgrat els seus assoliments, Heinz St\u00fccke tamb\u00e9 va enfrontar nombrosos contratemps i desafiaments en la seva travessia. Aqu\u00ed hi ha alguns exemples de les dificultats que va experimentar:<\/p>\n\n<ul class=\"wp-block-list\">\n<li>Al desert d&#8217;Atacama a Xile, va ser atropellat per un cami\u00f3.<\/li>\n\n\n\n<li>A Hait\u00ed, va ser perseguit per una multitud enfurismada.<\/li>\n\n\n\n<li>A Egipte, va ser colpejat per soldats fins a quedar inconscient.<\/li>\n\n\n\n<li>Al Camerun, va ser detingut per militars sota c\u00e0rrecs de &#8220;calumniar l&#8217;Estat&#8221;.<\/li>\n\n\n\n<li>A Alaska, va patir un accident automobil\u00edstic i va caure a un riu gelat.<\/li>\n\n\n\n<li>Als Estats Units, un conductor d&#8217;autom\u00f2bil el va abandonar despr\u00e9s de robar-li tots els seus subministraments.<\/li>\n\n\n\n<li>A Indon\u00e8sia (1974), va patir una greu disenteria.<\/li>\n\n\n\n<li>A Z\u00e0mbia (1980), va rebre un tret al dit got del peu mentre estava envoltat per combatents de la llibertat de Nkomo.<\/li>\n\n\n\n<li>A Mo\u00e7ambic (1995), va ser atacat per un eixam d&#8217;abelles mentre es banyava en un riu.<\/li>\n\n\n\n<li>A Sib\u00e8ria (1997), li va robar la seva bicicleta per cinquena vegada, juntament amb el seu equipatge, per\u00f2 despr\u00e9s va recuperar tot.<\/li>\n\n\n\n<li>A Anglaterra, el 2006, li va robar novament la seva bicicleta original, la mateixa amb la qual va comen\u00e7ar el seu viatge el 1962, per\u00f2 afortunadament la va recuperar l&#8217;endem\u00e0 en un parc local.<\/li>\n<\/ul>\n\n<h2 class=\"wp-block-heading\"><span class=\"ez-toc-section\" id=\"Una_Vida_Immortalitzada\"><\/span><strong>Una Vida Immortalitzada<\/strong><span class=\"ez-toc-section-end\"><\/span><\/h2>\n\n<p>El 1995, quan va aconseguir el seu r\u00e8cord mundial, St\u00fccke va publicar les seves pr\u00f2pies mem\u00f2ries a &#8220;La volta al m\u00f3n en bicicleta&#8221;. El 2015, l&#8217;escriptor de viatges holand\u00e8s Eric van den Berg va publicar una biografia per commemorar l&#8217;os de St\u00fccke en els seus viatges amb bicicleta. El llibre, &#8220;Home Is Elsewhere: 50 Years Around the World by Bike&#8221;, tamb\u00e9 inclou fotografies capturades per St\u00fccke. A m\u00e9s, el cineasta espanyol Albert Albacete va crear el documental &#8220;El hombre que quer\u00eda verlo todo&#8221;, que aprofundeix en la vida, motivacions, filosofia i llegat d&#8217;aquest intr\u00e8pid viatger. Es planeja la construcci\u00f3 d&#8217;un museu dedicat a St\u00fccke a la seva ciutat natal de H\u00f6velhof.<\/p>\n\n<figure class=\"wp-block-image size-large\"><img loading=\"lazy\" decoding=\"async\" width=\"1030\" height=\"687\" src=\"https:\/\/camporan.com\/wp-content\/uploads\/2023\/09\/heiz-bicicleta-1030x687.jpeg\" alt=\"\" class=\"wp-image-10950\" srcset=\"https:\/\/camporan.com\/wp-content\/uploads\/2023\/09\/heiz-bicicleta-1030x687.jpeg 1030w, https:\/\/camporan.com\/wp-content\/uploads\/2023\/09\/heiz-bicicleta-600x400.jpeg 600w, https:\/\/camporan.com\/wp-content\/uploads\/2023\/09\/heiz-bicicleta-300x200.jpeg 300w, https:\/\/camporan.com\/wp-content\/uploads\/2023\/09\/heiz-bicicleta-768x512.jpeg 768w, https:\/\/camporan.com\/wp-content\/uploads\/2023\/09\/heiz-bicicleta-1536x1024.jpeg 1536w, https:\/\/camporan.com\/wp-content\/uploads\/2023\/09\/heiz-bicicleta-500x333.jpeg 500w, https:\/\/camporan.com\/wp-content\/uploads\/2023\/09\/heiz-bicicleta.jpeg 1920w\" sizes=\"auto, (max-width: 1030px) 100vw, 1030px\" \/><\/figure>\n\n<p>La hist\u00f2ria de Heinz St\u00fccke \u00e9s una prova inspiradora que els somnis es poden fer realitat si tens la determinaci\u00f3 i la passi\u00f3 per perseguir-los. El seu viatge amb bicicleta de m\u00e9s de 50 anys \u00e9s un testimoni de la capacitat de l&#8217;\u00e9sser hum\u00e0 per explorar el m\u00f3n i trobar la felicitat en l&#8217;aventura.<\/p>\n","protected":false},"excerpt":{"rendered":"<p>Avui volem compartir la inspiradora hist\u00f2ria d&#8217;alg\u00fa que va perseguir la seva passi\u00f3 i va complir els seus somnis viatjant pel m\u00f3n. Heinz St\u00fccke H\u00f6velhof, originari de Ren\u00e0nia del Nord-Westf\u00e0lia, Alemanya, va decidir emprendre una odissea \u00fanica en la seva vida: rec\u00f3rrer el m\u00f3n amb bicicleta durant m\u00e9s de 50 anys. En la seva travessia, [&hellip;]<\/p>\n","protected":false},"author":111,"featured_media":10941,"comment_status":"open","ping_status":"closed","sticky":false,"template":"","format":"aside","meta":{"om_disable_all_campaigns":false,"_uag_custom_page_level_css":"","site-sidebar-layout":"default","site-content-layout":"","ast-site-content-layout":"default","site-content-style":"default","site-sidebar-style":"default","ast-global-header-display":"","ast-banner-title-visibility":"","ast-main-header-display":"","ast-hfb-above-header-display":"","ast-hfb-below-header-display":"","ast-hfb-mobile-header-display":"","site-post-title":"","ast-breadcrumbs-content":"","ast-featured-img":"","footer-sml-layout":"","ast-disable-related-posts":"","theme-transparent-header-meta":"","adv-header-id-meta":"","stick-header-meta":"","header-above-stick-meta":"","header-main-stick-meta":"","header-below-stick-meta":"","astra-migrate-meta-layouts":"default","ast-page-background-enabled":"default","ast-page-background-meta":{"desktop":{"background-color":"","background-image":"","background-repeat":"repeat","background-position":"center center","background-size":"auto","background-attachment":"scroll","background-type":"","background-media":"","overlay-type":"","overlay-color":"","overlay-opacity":"","overlay-gradient":""},"tablet":{"background-color":"","background-image":"","background-repeat":"repeat","background-position":"center center","background-size":"auto","background-attachment":"scroll","background-type":"","background-media":"","overlay-type":"","overlay-color":"","overlay-opacity":"","overlay-gradient":""},"mobile":{"background-color":"","background-image":"","background-repeat":"repeat","background-position":"center center","background-size":"auto","background-attachment":"scroll","background-type":"","background-media":"","overlay-type":"","overlay-color":"","overlay-opacity":"","overlay-gradient":""}},"ast-content-background-meta":{"desktop":{"background-color":"var(--ast-global-color-5)","background-image":"","background-repeat":"repeat","background-position":"center center","background-size":"auto","background-attachment":"scroll","background-type":"","background-media":"","overlay-type":"","overlay-color":"","overlay-opacity":"","overlay-gradient":""},"tablet":{"background-color":"var(--ast-global-color-5)","background-image":"","background-repeat":"repeat","background-position":"center center","background-size":"auto","background-attachment":"scroll","background-type":"","background-media":"","overlay-type":"","overlay-color":"","overlay-opacity":"","overlay-gradient":""},"mobile":{"background-color":"var(--ast-global-color-5)","background-image":"","background-repeat":"repeat","background-position":"center center","background-size":"auto","background-attachment":"scroll","background-type":"","background-media":"","overlay-type":"","overlay-color":"","overlay-opacity":"","overlay-gradient":""}},"footnotes":""},"categories":[1],"tags":[],"class_list":["post-11072","post","type-post","status-publish","format-aside","has-post-thumbnail","hentry","category-blog","post_format-post-format-aside"],"aioseo_notices":[],"spectra_custom_meta":{"_pingme":["1"],"_encloseme":["1"],"_schema_ref":["5093"],"_alp_processed":["1766070170"],"_wpml_media_duplicate":["1"],"_wpml_media_featured":["1"],"theme-transparent-header-meta":[""],"stick-header-meta":[""],"adv-header-id-meta":[""],"_top_nav_excluded":[""],"_cms_nav_minihome":[""],"_thumbnail_id":["10941"],"_last_translation_edit_mode":["translation-editor"],"_schema_json":["a:12:{s:8:\"@context\";s:19:\"https:\/\/schema.org\/\";s:5:\"@type\";s:11:\"BlogPosting\";s:16:\"mainEntityOfPage\";a:2:{s:5:\"@type\";s:7:\"WebPage\";s:3:\"@id\";s:97:\"https:\/\/camporan.com\/ca\/heinz-stucke-un-viatge-en-bicicleta-de-mes-de-50-anys-al-voltant-del-mon\/\";}s:3:\"url\";s:97:\"https:\/\/camporan.com\/ca\/heinz-stucke-un-viatge-en-bicicleta-de-mes-de-50-anys-al-voltant-del-mon\/\";s:8:\"headline\";s:76:\"Heinz St\u00fccke: Un Viatge en Bicicleta de M\u00e9s de 50 Anys al voltant del M\u00f3n\";s:13:\"datePublished\";s:25:\"2023-10-11T16:48:34+02:00\";s:12:\"dateModified\";s:25:\"2025-12-18T16:02:48+01:00\";s:9:\"publisher\";a:4:{s:5:\"@type\";s:12:\"Organization\";s:3:\"@id\";s:37:\"https:\/\/camporan.com\/ca\/#organization\";s:4:\"name\";s:12:\"Camporan.com\";s:4:\"logo\";a:4:{s:5:\"@type\";s:11:\"ImageObject\";s:3:\"url\";s:0:\"\";s:5:\"width\";i:600;s:6:\"height\";i:60;}}s:5:\"image\";a:4:{s:5:\"@type\";s:11:\"ImageObject\";s:3:\"url\";s:66:\"https:\/\/camporan.com\/wp-content\/uploads\/2023\/09\/heinz_stuecke.jpeg\";s:5:\"width\";i:1032;s:6:\"height\";i:580;}s:14:\"articleSection\";s:17:\"Uncategorized @ca\";s:11:\"description\";s:316:\"Avui volem compartir la inspiradora hist\u00f2ria d'alg\u00fa que va perseguir la seva passi\u00f3 i va complir els seus somnis viatjant pel m\u00f3n. Heinz St\u00fccke H\u00f6velhof, originari de Ren\u00e0nia del Nord-Westf\u00e0lia, Alemanya, va decidir emprendre una odissea \u00fanica en la seva vida: rec\u00f3rrer el m\u00f3n amb bicicleta durant m\u00e9s de\";s:6:\"author\";a:4:{s:5:\"@type\";s:6:\"Person\";s:4:\"name\";s:9:\"marketing\";s:3:\"url\";s:41:\"https:\/\/camporan.com\/ca\/author\/marketing\/\";s:5:\"image\";a:4:{s:5:\"@type\";s:11:\"ImageObject\";s:3:\"url\";s:113:\"https:\/\/secure.gravatar.com\/avatar\/c35b5f00a75ed12d93901544ee6b220c8e58b13ed0006e4b196eae36e4fd44fc?s=96&d=mm&r=g\";s:6:\"height\";i:96;s:5:\"width\";i:96;}}}"],"_schema_json_timestamp":["1776798951"],"ast-site-content-layout":["default"],"_wpml_word_count":["779"],"_cmplz_scanned_post":["1"],"_wpml_media_has_media":["1"],"_uag_page_assets":["a:9:{s:3:\"css\";s:0:\"\";s:2:\"js\";s:0:\"\";s:18:\"current_block_list\";a:5:{i:0;s:14:\"core\/paragraph\";i:1;s:12:\"core\/heading\";i:2;s:10:\"core\/image\";i:3;s:9:\"core\/list\";i:4;s:14:\"core\/list-item\";}s:8:\"uag_flag\";b:0;s:11:\"uag_version\";i:1776790806;s:6:\"gfonts\";a:0:{}s:10:\"gfonts_url\";s:0:\"\";s:12:\"gfonts_files\";a:0:{}s:14:\"uag_faq_layout\";b:0;}"],"_uagb_previous_block_counts":["a:90:{s:21:\"uagb\/advanced-heading\";i:0;s:15:\"uagb\/blockquote\";i:0;s:12:\"uagb\/buttons\";i:0;s:18:\"uagb\/buttons-child\";i:0;s:19:\"uagb\/call-to-action\";i:0;s:15:\"uagb\/cf7-styler\";i:0;s:11:\"uagb\/column\";i:0;s:12:\"uagb\/columns\";i:0;s:14:\"uagb\/container\";i:0;s:21:\"uagb\/content-timeline\";i:0;s:27:\"uagb\/content-timeline-child\";i:0;s:14:\"uagb\/countdown\";i:0;s:12:\"uagb\/counter\";i:0;s:8:\"uagb\/faq\";i:0;s:14:\"uagb\/faq-child\";i:0;s:10:\"uagb\/forms\";i:0;s:17:\"uagb\/forms-accept\";i:0;s:19:\"uagb\/forms-checkbox\";i:0;s:15:\"uagb\/forms-date\";i:0;s:16:\"uagb\/forms-email\";i:0;s:17:\"uagb\/forms-hidden\";i:0;s:15:\"uagb\/forms-name\";i:0;s:16:\"uagb\/forms-phone\";i:0;s:16:\"uagb\/forms-radio\";i:0;s:17:\"uagb\/forms-select\";i:0;s:19:\"uagb\/forms-textarea\";i:0;s:17:\"uagb\/forms-toggle\";i:0;s:14:\"uagb\/forms-url\";i:0;s:14:\"uagb\/gf-styler\";i:0;s:15:\"uagb\/google-map\";i:0;s:11:\"uagb\/how-to\";i:0;s:16:\"uagb\/how-to-step\";i:0;s:9:\"uagb\/icon\";i:0;s:14:\"uagb\/icon-list\";i:0;s:20:\"uagb\/icon-list-child\";i:0;s:10:\"uagb\/image\";i:0;s:18:\"uagb\/image-gallery\";i:0;s:13:\"uagb\/info-box\";i:0;s:18:\"uagb\/inline-notice\";i:0;s:11:\"uagb\/lottie\";i:0;s:21:\"uagb\/marketing-button\";i:0;s:10:\"uagb\/modal\";i:0;s:18:\"uagb\/popup-builder\";i:0;s:16:\"uagb\/post-button\";i:0;s:18:\"uagb\/post-carousel\";i:0;s:17:\"uagb\/post-excerpt\";i:0;s:14:\"uagb\/post-grid\";i:0;s:15:\"uagb\/post-image\";i:0;s:17:\"uagb\/post-masonry\";i:0;s:14:\"uagb\/post-meta\";i:0;s:18:\"uagb\/post-taxonomy\";i:0;s:18:\"uagb\/post-timeline\";i:0;s:15:\"uagb\/post-title\";i:0;s:20:\"uagb\/restaurant-menu\";i:0;s:26:\"uagb\/restaurant-menu-child\";i:0;s:11:\"uagb\/review\";i:0;s:12:\"uagb\/section\";i:0;s:14:\"uagb\/separator\";i:0;s:11:\"uagb\/slider\";i:0;s:17:\"uagb\/slider-child\";i:0;s:17:\"uagb\/social-share\";i:0;s:23:\"uagb\/social-share-child\";i:0;s:16:\"uagb\/star-rating\";i:0;s:23:\"uagb\/sure-cart-checkout\";i:0;s:22:\"uagb\/sure-cart-product\";i:0;s:15:\"uagb\/sure-forms\";i:0;s:22:\"uagb\/table-of-contents\";i:0;s:9:\"uagb\/tabs\";i:0;s:15:\"uagb\/tabs-child\";i:0;s:18:\"uagb\/taxonomy-list\";i:0;s:9:\"uagb\/team\";i:0;s:16:\"uagb\/testimonial\";i:0;s:14:\"uagb\/wp-search\";i:0;s:19:\"uagb\/instagram-feed\";i:0;s:10:\"uagb\/login\";i:0;s:17:\"uagb\/loop-builder\";i:0;s:18:\"uagb\/loop-category\";i:0;s:20:\"uagb\/loop-pagination\";i:0;s:15:\"uagb\/loop-reset\";i:0;s:16:\"uagb\/loop-search\";i:0;s:14:\"uagb\/loop-sort\";i:0;s:17:\"uagb\/loop-wrapper\";i:0;s:13:\"uagb\/register\";i:0;s:19:\"uagb\/register-email\";i:0;s:24:\"uagb\/register-first-name\";i:0;s:23:\"uagb\/register-last-name\";i:0;s:22:\"uagb\/register-password\";i:0;s:30:\"uagb\/register-reenter-password\";i:0;s:19:\"uagb\/register-terms\";i:0;s:22:\"uagb\/register-username\";i:0;}"]},"uagb_featured_image_src":{"full":["https:\/\/camporan.com\/wp-content\/uploads\/2023\/09\/heinz_stuecke.jpeg",1032,580,false],"thumbnail":["https:\/\/camporan.com\/wp-content\/uploads\/2023\/09\/heinz_stuecke-80x80.jpeg",80,80,true],"medium":["https:\/\/camporan.com\/wp-content\/uploads\/2023\/09\/heinz_stuecke-300x169.jpeg",300,169,true],"medium_large":["https:\/\/camporan.com\/wp-content\/uploads\/2023\/09\/heinz_stuecke-768x432.jpeg",768,432,true],"large":["https:\/\/camporan.com\/wp-content\/uploads\/2023\/09\/heinz_stuecke-1030x579.jpeg",1030,579,true],"1536x1536":["https:\/\/camporan.com\/wp-content\/uploads\/2023\/09\/heinz_stuecke.jpeg",1032,580,false],"2048x2048":["https:\/\/camporan.com\/wp-content\/uploads\/2023\/09\/heinz_stuecke.jpeg",1032,580,false],"woocommerce_thumbnail":["https:\/\/camporan.com\/wp-content\/uploads\/2023\/09\/heinz_stuecke-600x337.jpeg",600,337,true],"woocommerce_single":["https:\/\/camporan.com\/wp-content\/uploads\/2023\/09\/heinz_stuecke-600x337.jpeg",600,337,true],"woocommerce_gallery_thumbnail":["https:\/\/camporan.com\/wp-content\/uploads\/2023\/09\/heinz_stuecke-100x100.jpeg",100,100,true],"wcpr-photo-reviews":["https:\/\/camporan.com\/wp-content\/uploads\/2023\/09\/heinz_stuecke.jpeg",500,281,false]},"uagb_author_info":{"display_name":"marketing","author_link":"https:\/\/camporan.com\/ca\/author\/marketing\/"},"uagb_comment_info":0,"uagb_excerpt":"Avui volem compartir la inspiradora hist\u00f2ria d&#8217;alg\u00fa que va perseguir la seva passi\u00f3 i va complir els seus somnis viatjant pel m\u00f3n. Heinz St\u00fccke H\u00f6velhof, originari de Ren\u00e0nia del Nord-Westf\u00e0lia, Alemanya, va decidir emprendre una odissea \u00fanica en la seva vida: rec\u00f3rrer el m\u00f3n amb bicicleta durant m\u00e9s de 50 anys. En la seva travessia,&hellip;","_links":{"self":[{"href":"https:\/\/camporan.com\/ca\/wp-json\/wp\/v2\/posts\/11072","targetHints":{"allow":["GET"]}}],"collection":[{"href":"https:\/\/camporan.com\/ca\/wp-json\/wp\/v2\/posts"}],"about":[{"href":"https:\/\/camporan.com\/ca\/wp-json\/wp\/v2\/types\/post"}],"author":[{"embeddable":true,"href":"https:\/\/camporan.com\/ca\/wp-json\/wp\/v2\/users\/111"}],"replies":[{"embeddable":true,"href":"https:\/\/camporan.com\/ca\/wp-json\/wp\/v2\/comments?post=11072"}],"version-history":[{"count":1,"href":"https:\/\/camporan.com\/ca\/wp-json\/wp\/v2\/posts\/11072\/revisions"}],"predecessor-version":[{"id":14545,"href":"https:\/\/camporan.com\/ca\/wp-json\/wp\/v2\/posts\/11072\/revisions\/14545"}],"wp:featuredmedia":[{"embeddable":true,"href":"https:\/\/camporan.com\/ca\/wp-json\/wp\/v2\/media\/10941"}],"wp:attachment":[{"href":"https:\/\/camporan.com\/ca\/wp-json\/wp\/v2\/media?parent=11072"}],"wp:term":[{"taxonomy":"category","embeddable":true,"href":"https:\/\/camporan.com\/ca\/wp-json\/wp\/v2\/categories?post=11072"},{"taxonomy":"post_tag","embeddable":true,"href":"https:\/\/camporan.com\/ca\/wp-json\/wp\/v2\/tags?post=11072"}],"curies":[{"name":"wp","href":"https:\/\/api.w.org\/{rel}","templated":true}]}}