{"id":10376,"date":"2023-05-15T10:34:45","date_gmt":"2023-05-15T08:34:45","guid":{"rendered":"http:\/\/www.camporan.com\/aixi-podras-aillar-la-teva-furgoneta-pren-nota-d-aquests-materials\/"},"modified":"2025-12-18T16:02:05","modified_gmt":"2025-12-18T15:02:05","slug":"aixi-podras-aillar-la-teva-furgoneta-pren-nota-d-aquests-materials","status":"publish","type":"post","link":"https:\/\/camporan.com\/ca\/aixi-podras-aillar-la-teva-furgoneta-pren-nota-d-aquests-materials\/","title":{"rendered":"Aix\u00ed podr\u00e0s a\u00efllar la teva furgoneta: pren nota d aquests materials"},"content":{"rendered":"\n<p>Si est\u00e0s planejant camperitzar la teva furgoneta, una de les primeres coses que cal considerar \u00e9s a\u00efllar-la correctament. Un bon a\u00efllament t\u00e8rmic \u00e9s essencial per viatjar c\u00f2modament a qualsevol \u00e8poca de l&#8217;any, independentment de les condicions clim\u00e0tiques a qu\u00e8 t&#8217;enfrontis. En aquest article, us presentem alguns dels materials m\u00e9s comuns per a\u00efllar la vostra furgoneta i les seves caracter\u00edstiques.<\/p>\n\n<p><\/p>\n\n<div id=\"ez-toc-container\" class=\"ez-toc-v2_0_82_2 counter-hierarchy ez-toc-counter ez-toc-grey ez-toc-container-direction\">\n<div class=\"ez-toc-title-container\">\n<p class=\"ez-toc-title\" style=\"cursor:inherit\">Table of Contents<\/p>\n<span class=\"ez-toc-title-toggle\"><a href=\"#\" class=\"ez-toc-pull-right ez-toc-btn ez-toc-btn-xs ez-toc-btn-default ez-toc-toggle\" aria-label=\"Toggle Table of Content\"><span class=\"ez-toc-js-icon-con\"><span class=\"\"><span class=\"eztoc-hide\" style=\"display:none;\">Toggle<\/span><span class=\"ez-toc-icon-toggle-span\"><svg style=\"fill: #999;color:#999\" xmlns=\"http:\/\/www.w3.org\/2000\/svg\" class=\"list-377408\" width=\"20px\" height=\"20px\" viewBox=\"0 0 24 24\" fill=\"none\"><path d=\"M6 6H4v2h2V6zm14 0H8v2h12V6zM4 11h2v2H4v-2zm16 0H8v2h12v-2zM4 16h2v2H4v-2zm16 0H8v2h12v-2z\" fill=\"currentColor\"><\/path><\/svg><svg style=\"fill: #999;color:#999\" class=\"arrow-unsorted-368013\" xmlns=\"http:\/\/www.w3.org\/2000\/svg\" width=\"10px\" height=\"10px\" viewBox=\"0 0 24 24\" version=\"1.2\" baseProfile=\"tiny\"><path d=\"M18.2 9.3l-6.2-6.3-6.2 6.3c-.2.2-.3.4-.3.7s.1.5.3.7c.2.2.4.3.7.3h11c.3 0 .5-.1.7-.3.2-.2.3-.5.3-.7s-.1-.5-.3-.7zM5.8 14.7l6.2 6.3 6.2-6.3c.2-.2.3-.5.3-.7s-.1-.5-.3-.7c-.2-.2-.4-.3-.7-.3h-11c-.3 0-.5.1-.7.3-.2.2-.3.5-.3.7s.1.5.3.7z\"\/><\/svg><\/span><\/span><\/span><\/a><\/span><\/div>\n<nav><ul class='ez-toc-list ez-toc-list-level-1 ' ><li class='ez-toc-page-1 ez-toc-heading-level-2'><a class=\"ez-toc-link ez-toc-heading-1\" href=\"https:\/\/camporan.com\/ca\/aixi-podras-aillar-la-teva-furgoneta-pren-nota-d-aquests-materials\/#Quins_materials_hi_ha_per_aillar_la_furgoneta\" >Quins materials hi ha per a\u00efllar la furgoneta?<\/a><ul class='ez-toc-list-level-3' ><li class='ez-toc-heading-level-3'><a class=\"ez-toc-link ez-toc-heading-2\" href=\"https:\/\/camporan.com\/ca\/aixi-podras-aillar-la-teva-furgoneta-pren-nota-d-aquests-materials\/#Suro_marro\" >Suro marr\u00f3<\/a><\/li><li class='ez-toc-page-1 ez-toc-heading-level-3'><a class=\"ez-toc-link ez-toc-heading-3\" href=\"https:\/\/camporan.com\/ca\/aixi-podras-aillar-la-teva-furgoneta-pren-nota-d-aquests-materials\/#Llana_de_roca\" >Llana de roca<\/a><\/li><li class='ez-toc-page-1 ez-toc-heading-level-3'><a class=\"ez-toc-link ez-toc-heading-4\" href=\"https:\/\/camporan.com\/ca\/aixi-podras-aillar-la-teva-furgoneta-pren-nota-d-aquests-materials\/#Llana_de_vidre\" >Llana de vidre<\/a><\/li><li class='ez-toc-page-1 ez-toc-heading-level-3'><a class=\"ez-toc-link ez-toc-heading-5\" href=\"https:\/\/camporan.com\/ca\/aixi-podras-aillar-la-teva-furgoneta-pren-nota-d-aquests-materials\/#Geopanell\" >Geopanell<\/a><\/li><li class='ez-toc-page-1 ez-toc-heading-level-3'><a class=\"ez-toc-link ez-toc-heading-6\" href=\"https:\/\/camporan.com\/ca\/aixi-podras-aillar-la-teva-furgoneta-pren-nota-d-aquests-materials\/#Poliestire_extruit_o_extrusionat_XPS\" >Poliestir\u00e8 extru\u00eft o extrusionat (XPS)<\/a><\/li><\/ul><\/li><li class='ez-toc-page-1 ez-toc-heading-level-2'><a class=\"ez-toc-link ez-toc-heading-7\" href=\"https:\/\/camporan.com\/ca\/aixi-podras-aillar-la-teva-furgoneta-pren-nota-d-aquests-materials\/#Preguntes_frequents_sobre_aillament_per_a_Camper\" >Preguntes freq\u00fcents sobre a\u00efllament per a Camper<\/a><ul class='ez-toc-list-level-3' ><li class='ez-toc-heading-level-3'><a class=\"ez-toc-link ez-toc-heading-8\" href=\"https:\/\/camporan.com\/ca\/aixi-podras-aillar-la-teva-furgoneta-pren-nota-d-aquests-materials\/#Quin_es_el_millor_aillant_per_a_Camper\" >Quin \u00e9s el millor a\u00efllant per a Camper?<\/a><\/li><li class='ez-toc-page-1 ez-toc-heading-level-3'><a class=\"ez-toc-link ez-toc-heading-9\" href=\"https:\/\/camporan.com\/ca\/aixi-podras-aillar-la-teva-furgoneta-pren-nota-d-aquests-materials\/#Quina_tela_es_bona_per_aillar_la_calor\" >Quina tela \u00e9s bona per a\u00efllar la calor?<\/a><\/li><li class='ez-toc-page-1 ez-toc-heading-level-3'><a class=\"ez-toc-link ez-toc-heading-10\" href=\"https:\/\/camporan.com\/ca\/aixi-podras-aillar-la-teva-furgoneta-pren-nota-d-aquests-materials\/#Quin_material_no_deixa_passar_el_fred\" >Quin material no deixa passar el fred?<\/a><\/li><li class='ez-toc-page-1 ez-toc-heading-level-3'><a class=\"ez-toc-link ez-toc-heading-11\" href=\"https:\/\/camporan.com\/ca\/aixi-podras-aillar-la-teva-furgoneta-pren-nota-d-aquests-materials\/#Que_es_millor_aillar_per_dins_o_per_fora\" >Qu\u00e8 \u00e9s millor a\u00efllar per dins o per fora?<\/a><\/li><\/ul><\/li><\/ul><\/nav><\/div>\n<h2 class=\"wp-block-heading\"><span class=\"ez-toc-section\" id=\"Quins_materials_hi_ha_per_aillar_la_furgoneta\"><\/span><strong>Quins materials hi ha per a\u00efllar la furgoneta?<\/strong><span class=\"ez-toc-section-end\"><\/span><\/h2>\n\n<p>Abans de comen\u00e7ar, cal recordar que la clau per a un bon a\u00efllament \u00e9s utilitzar un material flexible i f\u00e0cil d&#8217;adaptar a la superf\u00edcie de la xapa. Les opcions en rotllo o tela s\u00f3n especialment interessants en aquest sentit, ja que faciliten el muntatge. Abans de comen\u00e7ar, assegureu-vos de netejar b\u00e9 la superf\u00edcie i de comen\u00e7ar pel sostre o les parets, avan\u00e7ant per trams.<\/p>\n\n<h3 class=\"wp-block-heading\"><span class=\"ez-toc-section\" id=\"Suro_marro\"><\/span>Suro marr\u00f3<span class=\"ez-toc-section-end\"><\/span><\/h3>\n\n<p> Aquest tipus d\u02bba\u00efllament \u00e9s ecol\u00f2gic 100% i es pot reciclar i renovar sense problemes. Ofereix una gran capacitat d\u00b4a\u00efllament t\u00e8rmic i ac\u00fastic, \u00e9s transpirable i impermeable i evita les condensacions. A m\u00e9s, \u00e9s un repel\u00b7lent natural, ja que cont\u00e9 suberina, un pol\u00edmer natural que actua com a insecticida. En altres paraules, t&#8217;ajudar\u00e0 a mantenir allunyades les bestioles de la teva furgoneta.<\/p>\n\n<p><\/p>\n\n<h3 class=\"wp-block-heading\"><span class=\"ez-toc-section\" id=\"Llana_de_roca\"><\/span>Llana de roca<span class=\"ez-toc-section-end\"><\/span><\/h3>\n\n<p>Es caracteritza per la capacitat d&#8217;insonoritzaci\u00f3 i les propietats ign\u00edfugues. En general es considera que \u00e9s un bon a\u00efllant t\u00e8rmic. \u00c9s una llana mineral creada a partir de roca volc\u00e0nica. No obstant, no t\u00e9 la capacitat de condensar, cosa que significa que si entra aigua a la furgoneta, l&#8217;absorbir\u00e0 i generar\u00e0 humitats. A m\u00e9s, a causa de la seva toxicitat, es requereix l&#8217;\u00fas d&#8217;equip de protecci\u00f3, com ara guants, m\u00e0scares i ulleres.<\/p>\n\n<h3 class=\"wp-block-heading\"><span class=\"ez-toc-section\" id=\"Llana_de_vidre\"><\/span>Llana de vidre<span class=\"ez-toc-section-end\"><\/span><\/h3>\n\n<p>\u00c9s una fibra mineral formada per filaments de vidre annexats a trav\u00e9s d&#8217;un aglutinant. \u00c9s un dels a\u00efllants que se solen utilitzar amb m\u00e9s freq\u00fc\u00e8ncia, ja que resisteix temperatures altes, no genera fum ni gasos t\u00f2xics i \u00e9s incombustible. Tot i aix\u00f2, hi ha dubtes sobre el seu nivell de toxicitat, ja que les fibres de vidre poden desprendre&#8217;s i causar irritaci\u00f3 en persones sensibles. Per manipular-la, tamb\u00e9 es recomana l&#8217;\u00fas d&#8217;equip de protecci\u00f3.<\/p>\n\n<figure class=\"wp-block-image size-full\"><img loading=\"lazy\" decoding=\"async\" width=\"612\" height=\"408\" src=\"https:\/\/camporan.com\/wp-content\/uploads\/2023\/05\/islamiento-furgoneta.jpeg\" alt=\"a&#xEF;llament furgoneta\" class=\"wp-image-10338\" srcset=\"https:\/\/camporan.com\/wp-content\/uploads\/2023\/05\/islamiento-furgoneta.jpeg 612w, https:\/\/camporan.com\/wp-content\/uploads\/2023\/05\/islamiento-furgoneta-600x400.jpeg 600w, https:\/\/camporan.com\/wp-content\/uploads\/2023\/05\/islamiento-furgoneta-300x200.jpeg 300w, https:\/\/camporan.com\/wp-content\/uploads\/2023\/05\/islamiento-furgoneta-500x333.jpeg 500w\" sizes=\"auto, (max-width: 612px) 100vw, 612px\" \/><\/figure>\n\n<h3 class=\"wp-block-heading\"><span class=\"ez-toc-section\" id=\"Geopanell\"><\/span>Geopanell<span class=\"ez-toc-section-end\"><\/span><\/h3>\n\n<p>S&#8217;obt\u00e9 del reciclatge de fibres t\u00e8xtils, com a restes de tela, i \u00e9s un material 100% reciclable. Les seves qualitats d&#8217;a\u00efllament ac\u00fastic es troben entre les m\u00e9s valorades i proporciona molt de confort. No despr\u00e8n cap tipus de fibra i no pica, cosa que el fa ideal per a persones amb al\u00b7l\u00e8rgies. Aix\u00f2 no obstant, pot resultar m\u00e9s dif\u00edcil de tallar en comparaci\u00f3 amb altres materials.<\/p>\n\n<p><\/p>\n\n<h3 class=\"wp-block-heading\"><span class=\"ez-toc-section\" id=\"Poliestire_extruit_o_extrusionat_XPS\"><\/span>Poliestir\u00e8 extru\u00eft o extrusionat (XPS)<span class=\"ez-toc-section-end\"><\/span><\/h3>\n\n<p>Com a a\u00efllant t\u00e8rmic, \u00e9s excel\u00b7lent. No obstant aix\u00f2, en obtenir-se en plaques, pot resultar complicat a l&#8217;hora de col\u00b7locar-lo a la furgoneta, especialment als espais m\u00e9s corbs. <\/p>\n\n<p>A Camporan sempre et portem les millors solucions per camperitzar la teva furgoneta i tenir casa teva sobre rodes sempre a punt sigui quina sigui la teva escapada.<\/p>\n\n<p><\/p>\n\n<h2 class=\"wp-block-heading\"><span class=\"ez-toc-section\" id=\"Preguntes_frequents_sobre_aillament_per_a_Camper\"><\/span>Preguntes freq\u00fcents sobre a\u00efllament per a Camper<span class=\"ez-toc-section-end\"><\/span><\/h2>\n\n<h3 class=\"wp-block-heading\"><span class=\"ez-toc-section\" id=\"Quin_es_el_millor_aillant_per_a_Camper\"><\/span>Quin \u00e9s el millor a\u00efllant per a Camper?<span class=\"ez-toc-section-end\"><\/span><\/h3>\n\n<p>El millor a\u00efllant per a Camper dependr\u00e0 de les teves necessitats i prefer\u00e8ncies. Els a\u00efllants m\u00e9s comuns s\u00f3n la fibra de vidre, escuma de poliestir\u00e8 extru\u00eft, llana de roca i escuma de poliuret\u00e0. Cada material t\u00e9 diferents propietats i nivells d&#8217;a\u00efllament t\u00e8rmic i ac\u00fastic, aix\u00ed que \u00e9s important investigar i comparar per trobar el que s&#8217;adapti millor a les teves necessitats i pressupost.<\/p>\n\n<p><\/p>\n\n<h3 class=\"wp-block-heading\"><span class=\"ez-toc-section\" id=\"Quina_tela_es_bona_per_aillar_la_calor\"><\/span>Quina tela \u00e9s bona per a\u00efllar la calor?<span class=\"ez-toc-section-end\"><\/span><\/h3>\n\n<p>La tela m\u00e9s comuna per a\u00efllar la calor \u00e9s el cot\u00f3, ja que \u00e9s transpirable i ajuda a mantenir la temperatura. Tamb\u00e9 hi ha teles espec\u00edfiques per a l&#8217;a\u00efllament t\u00e8rmic, com la llana, que \u00e9s excel\u00b7lent per mantenir la calor a temperatures fredes.<\/p>\n\n<p><\/p>\n\n<h3 class=\"wp-block-heading\"><span class=\"ez-toc-section\" id=\"Quin_material_no_deixa_passar_el_fred\"><\/span>Quin material no deixa passar el fred?<span class=\"ez-toc-section-end\"><\/span><\/h3>\n\n<p>Els materials a\u00efllants m\u00e9s efectius per evitar l&#8217;entrada del fred s\u00f3n aquells que tenen una baixa conductivitat t\u00e8rmica, com ara l&#8217;escuma de poliuret\u00e0 i el poliestir\u00e8 extru\u00eft. La llana mineral tamb\u00e9 \u00e9s una bona opci\u00f3 per a aquest prop\u00f2sit.<\/p>\n\n<p><\/p>\n\n<h3 class=\"wp-block-heading\"><span class=\"ez-toc-section\" id=\"Que_es_millor_aillar_per_dins_o_per_fora\"><\/span>Qu\u00e8 \u00e9s millor a\u00efllar per dins o per fora?<span class=\"ez-toc-section-end\"><\/span><\/h3>\n\n<p>A\u00efllar per dins \u00e9s m\u00e9s com\u00fa, ja que \u00e9s m\u00e9s f\u00e0cil de fer i menys cost\u00f3s. Tot i aix\u00f2, a\u00efllar per fora pot ser m\u00e9s efectiu, ja que evita que la calor o el fred penetrin a les parets de l&#8217;estructura. A m\u00e9s, l\u00b4a\u00efllament exterior pot ajudar a prevenir la humitat i protegir l\u00b4estructura de l\u00b4edifici. Tot i aix\u00f2, a\u00efllar per fora pot ser m\u00e9s cost\u00f3s i requereix m\u00e9s temps i esfor\u00e7. L&#8217;elecci\u00f3 entre a\u00efllar per dins o per fora dependr\u00e0 de les necessitats espec\u00edfiques del Camper i les limitacions pressupost\u00e0ries.<\/p>\n","protected":false},"excerpt":{"rendered":"<p>Si est\u00e0s planejant camperitzar la teva furgoneta, una de les primeres coses que cal considerar \u00e9s a\u00efllar-la correctament. Un bon a\u00efllament t\u00e8rmic \u00e9s essencial per viatjar c\u00f2modament a qualsevol \u00e8poca de l&#8217;any, independentment de les condicions clim\u00e0tiques a qu\u00e8 t&#8217;enfrontis. En aquest article, us presentem alguns dels materials m\u00e9s comuns per a\u00efllar la vostra furgoneta [&hellip;]<\/p>\n","protected":false},"author":111,"featured_media":10334,"comment_status":"open","ping_status":"closed","sticky":false,"template":"","format":"aside","meta":{"om_disable_all_campaigns":false,"_uag_custom_page_level_css":"","site-sidebar-layout":"default","site-content-layout":"","ast-site-content-layout":"default","site-content-style":"default","site-sidebar-style":"default","ast-global-header-display":"","ast-banner-title-visibility":"","ast-main-header-display":"","ast-hfb-above-header-display":"","ast-hfb-below-header-display":"","ast-hfb-mobile-header-display":"","site-post-title":"","ast-breadcrumbs-content":"","ast-featured-img":"","footer-sml-layout":"","ast-disable-related-posts":"","theme-transparent-header-meta":"","adv-header-id-meta":"","stick-header-meta":"","header-above-stick-meta":"","header-main-stick-meta":"","header-below-stick-meta":"","astra-migrate-meta-layouts":"default","ast-page-background-enabled":"default","ast-page-background-meta":{"desktop":{"background-color":"","background-image":"","background-repeat":"repeat","background-position":"center center","background-size":"auto","background-attachment":"scroll","background-type":"","background-media":"","overlay-type":"","overlay-color":"","overlay-opacity":"","overlay-gradient":""},"tablet":{"background-color":"","background-image":"","background-repeat":"repeat","background-position":"center center","background-size":"auto","background-attachment":"scroll","background-type":"","background-media":"","overlay-type":"","overlay-color":"","overlay-opacity":"","overlay-gradient":""},"mobile":{"background-color":"","background-image":"","background-repeat":"repeat","background-position":"center center","background-size":"auto","background-attachment":"scroll","background-type":"","background-media":"","overlay-type":"","overlay-color":"","overlay-opacity":"","overlay-gradient":""}},"ast-content-background-meta":{"desktop":{"background-color":"var(--ast-global-color-5)","background-image":"","background-repeat":"repeat","background-position":"center center","background-size":"auto","background-attachment":"scroll","background-type":"","background-media":"","overlay-type":"","overlay-color":"","overlay-opacity":"","overlay-gradient":""},"tablet":{"background-color":"var(--ast-global-color-5)","background-image":"","background-repeat":"repeat","background-position":"center center","background-size":"auto","background-attachment":"scroll","background-type":"","background-media":"","overlay-type":"","overlay-color":"","overlay-opacity":"","overlay-gradient":""},"mobile":{"background-color":"var(--ast-global-color-5)","background-image":"","background-repeat":"repeat","background-position":"center center","background-size":"auto","background-attachment":"scroll","background-type":"","background-media":"","overlay-type":"","overlay-color":"","overlay-opacity":"","overlay-gradient":""}},"footnotes":""},"categories":[18],"tags":[],"class_list":["post-10376","post","type-post","status-publish","format-aside","has-post-thumbnail","hentry","category-uncategorized-ca","post_format-post-format-aside"],"aioseo_notices":[],"spectra_custom_meta":{"_pingme":["1"],"_encloseme":["1"],"_schema_ref":["5093"],"_alp_processed":["1766070127"],"_wpml_media_duplicate":["1"],"_wpml_media_featured":["1"],"_top_nav_excluded":[""],"_cms_nav_minihome":[""],"_aioseo_title":["Guia completa per a\u00efllar la teva furgoneta. | #site_title"],"_aioseo_description":["Amb la nostra completa guia per a\u00efllar la teva furgoneta. Apr\u00e8n com mantenir el vehicle calent a l'hivern i fresc a l'estiu."],"_thumbnail_id":["10334"],"_last_translation_edit_mode":["translation-editor"],"_schema_json":["a:12:{s:8:\"@context\";s:19:\"https:\/\/schema.org\/\";s:5:\"@type\";s:11:\"BlogPosting\";s:16:\"mainEntityOfPage\";a:2:{s:5:\"@type\";s:7:\"WebPage\";s:3:\"@id\";s:91:\"https:\/\/camporan.com\/ca\/aixi-podras-aillar-la-teva-furgoneta-pren-nota-d-aquests-materials\/\";}s:3:\"url\";s:91:\"https:\/\/camporan.com\/ca\/aixi-podras-aillar-la-teva-furgoneta-pren-nota-d-aquests-materials\/\";s:8:\"headline\";s:70:\"Aix\u00ed podr\u00e0s a\u00efllar la teva furgoneta: pren nota d aquests materials\";s:13:\"datePublished\";s:25:\"2023-05-15T10:34:45+02:00\";s:12:\"dateModified\";s:25:\"2025-12-18T16:02:05+01:00\";s:9:\"publisher\";a:4:{s:5:\"@type\";s:12:\"Organization\";s:3:\"@id\";s:37:\"https:\/\/camporan.com\/ca\/#organization\";s:4:\"name\";s:12:\"Camporan.com\";s:4:\"logo\";a:4:{s:5:\"@type\";s:11:\"ImageObject\";s:3:\"url\";s:0:\"\";s:5:\"width\";i:600;s:6:\"height\";i:60;}}s:5:\"image\";a:4:{s:5:\"@type\";s:11:\"ImageObject\";s:3:\"url\";s:69:\"https:\/\/camporan.com\/wp-content\/uploads\/2023\/05\/aislar-furgoneta.jpeg\";s:5:\"width\";i:696;s:6:\"height\";i:408;}s:14:\"articleSection\";s:17:\"Uncategorized @ca\";s:11:\"description\";s:343:\"Si est\u00e0s planejant camperitzar la teva furgoneta, una de les primeres coses que cal considerar \u00e9s a\u00efllar-la correctament. Un bon a\u00efllament t\u00e8rmic \u00e9s essencial per viatjar c\u00f2modament a qualsevol \u00e8poca de l'any, independentment de les condicions clim\u00e0tiques a qu\u00e8 t'enfrontis. En aquest article, us presentem alguns dels materials m\u00e9s\";s:6:\"author\";a:4:{s:5:\"@type\";s:6:\"Person\";s:4:\"name\";s:9:\"marketing\";s:3:\"url\";s:41:\"https:\/\/camporan.com\/ca\/author\/marketing\/\";s:5:\"image\";a:4:{s:5:\"@type\";s:11:\"ImageObject\";s:3:\"url\";s:113:\"https:\/\/secure.gravatar.com\/avatar\/c35b5f00a75ed12d93901544ee6b220c8e58b13ed0006e4b196eae36e4fd44fc?s=96&d=mm&r=g\";s:6:\"height\";i:96;s:5:\"width\";i:96;}}}"],"_schema_json_timestamp":["1776925742"],"_cmplz_scanned_post":["1"],"_wpml_media_has_media":["1"],"_uagb_previous_block_counts":["a:90:{s:21:\"uagb\/advanced-heading\";i:0;s:15:\"uagb\/blockquote\";i:0;s:12:\"uagb\/buttons\";i:0;s:18:\"uagb\/buttons-child\";i:0;s:19:\"uagb\/call-to-action\";i:0;s:15:\"uagb\/cf7-styler\";i:0;s:11:\"uagb\/column\";i:0;s:12:\"uagb\/columns\";i:0;s:14:\"uagb\/container\";i:0;s:21:\"uagb\/content-timeline\";i:0;s:27:\"uagb\/content-timeline-child\";i:0;s:14:\"uagb\/countdown\";i:0;s:12:\"uagb\/counter\";i:0;s:8:\"uagb\/faq\";i:0;s:14:\"uagb\/faq-child\";i:0;s:10:\"uagb\/forms\";i:0;s:17:\"uagb\/forms-accept\";i:0;s:19:\"uagb\/forms-checkbox\";i:0;s:15:\"uagb\/forms-date\";i:0;s:16:\"uagb\/forms-email\";i:0;s:17:\"uagb\/forms-hidden\";i:0;s:15:\"uagb\/forms-name\";i:0;s:16:\"uagb\/forms-phone\";i:0;s:16:\"uagb\/forms-radio\";i:0;s:17:\"uagb\/forms-select\";i:0;s:19:\"uagb\/forms-textarea\";i:0;s:17:\"uagb\/forms-toggle\";i:0;s:14:\"uagb\/forms-url\";i:0;s:14:\"uagb\/gf-styler\";i:0;s:15:\"uagb\/google-map\";i:0;s:11:\"uagb\/how-to\";i:0;s:16:\"uagb\/how-to-step\";i:0;s:9:\"uagb\/icon\";i:0;s:14:\"uagb\/icon-list\";i:0;s:20:\"uagb\/icon-list-child\";i:0;s:10:\"uagb\/image\";i:0;s:18:\"uagb\/image-gallery\";i:0;s:13:\"uagb\/info-box\";i:0;s:18:\"uagb\/inline-notice\";i:0;s:11:\"uagb\/lottie\";i:0;s:21:\"uagb\/marketing-button\";i:0;s:10:\"uagb\/modal\";i:0;s:18:\"uagb\/popup-builder\";i:0;s:16:\"uagb\/post-button\";i:0;s:18:\"uagb\/post-carousel\";i:0;s:17:\"uagb\/post-excerpt\";i:0;s:14:\"uagb\/post-grid\";i:0;s:15:\"uagb\/post-image\";i:0;s:17:\"uagb\/post-masonry\";i:0;s:14:\"uagb\/post-meta\";i:0;s:18:\"uagb\/post-taxonomy\";i:0;s:18:\"uagb\/post-timeline\";i:0;s:15:\"uagb\/post-title\";i:0;s:20:\"uagb\/restaurant-menu\";i:0;s:26:\"uagb\/restaurant-menu-child\";i:0;s:11:\"uagb\/review\";i:0;s:12:\"uagb\/section\";i:0;s:14:\"uagb\/separator\";i:0;s:11:\"uagb\/slider\";i:0;s:17:\"uagb\/slider-child\";i:0;s:17:\"uagb\/social-share\";i:0;s:23:\"uagb\/social-share-child\";i:0;s:16:\"uagb\/star-rating\";i:0;s:23:\"uagb\/sure-cart-checkout\";i:0;s:22:\"uagb\/sure-cart-product\";i:0;s:15:\"uagb\/sure-forms\";i:0;s:22:\"uagb\/table-of-contents\";i:0;s:9:\"uagb\/tabs\";i:0;s:15:\"uagb\/tabs-child\";i:0;s:18:\"uagb\/taxonomy-list\";i:0;s:9:\"uagb\/team\";i:0;s:16:\"uagb\/testimonial\";i:0;s:14:\"uagb\/wp-search\";i:0;s:19:\"uagb\/instagram-feed\";i:0;s:10:\"uagb\/login\";i:0;s:17:\"uagb\/loop-builder\";i:0;s:18:\"uagb\/loop-category\";i:0;s:20:\"uagb\/loop-pagination\";i:0;s:15:\"uagb\/loop-reset\";i:0;s:16:\"uagb\/loop-search\";i:0;s:14:\"uagb\/loop-sort\";i:0;s:17:\"uagb\/loop-wrapper\";i:0;s:13:\"uagb\/register\";i:0;s:19:\"uagb\/register-email\";i:0;s:24:\"uagb\/register-first-name\";i:0;s:23:\"uagb\/register-last-name\";i:0;s:22:\"uagb\/register-password\";i:0;s:30:\"uagb\/register-reenter-password\";i:0;s:19:\"uagb\/register-terms\";i:0;s:22:\"uagb\/register-username\";i:0;}"]},"uagb_featured_image_src":{"full":["https:\/\/camporan.com\/wp-content\/uploads\/2023\/05\/aislar-furgoneta.jpeg",612,408,false],"thumbnail":["https:\/\/camporan.com\/wp-content\/uploads\/2023\/05\/aislar-furgoneta-80x80.jpeg",80,80,true],"medium":["https:\/\/camporan.com\/wp-content\/uploads\/2023\/05\/aislar-furgoneta-300x200.jpeg",300,200,true],"medium_large":["https:\/\/camporan.com\/wp-content\/uploads\/2023\/05\/aislar-furgoneta.jpeg",612,408,false],"large":["https:\/\/camporan.com\/wp-content\/uploads\/2023\/05\/aislar-furgoneta.jpeg",612,408,false],"1536x1536":["https:\/\/camporan.com\/wp-content\/uploads\/2023\/05\/aislar-furgoneta.jpeg",612,408,false],"2048x2048":["https:\/\/camporan.com\/wp-content\/uploads\/2023\/05\/aislar-furgoneta.jpeg",612,408,false],"woocommerce_thumbnail":["https:\/\/camporan.com\/wp-content\/uploads\/2023\/05\/aislar-furgoneta-600x400.jpeg",600,400,true],"woocommerce_single":["https:\/\/camporan.com\/wp-content\/uploads\/2023\/05\/aislar-furgoneta-600x400.jpeg",600,400,true],"woocommerce_gallery_thumbnail":["https:\/\/camporan.com\/wp-content\/uploads\/2023\/05\/aislar-furgoneta-100x100.jpeg",100,100,true],"wcpr-photo-reviews":["https:\/\/camporan.com\/wp-content\/uploads\/2023\/05\/aislar-furgoneta.jpeg",500,333,false]},"uagb_author_info":{"display_name":"marketing","author_link":"https:\/\/camporan.com\/ca\/author\/marketing\/"},"uagb_comment_info":0,"uagb_excerpt":"Si est\u00e0s planejant camperitzar la teva furgoneta, una de les primeres coses que cal considerar \u00e9s a\u00efllar-la correctament. Un bon a\u00efllament t\u00e8rmic \u00e9s essencial per viatjar c\u00f2modament a qualsevol \u00e8poca de l&#8217;any, independentment de les condicions clim\u00e0tiques a qu\u00e8 t&#8217;enfrontis. En aquest article, us presentem alguns dels materials m\u00e9s comuns per a\u00efllar la vostra furgoneta&hellip;","_links":{"self":[{"href":"https:\/\/camporan.com\/ca\/wp-json\/wp\/v2\/posts\/10376","targetHints":{"allow":["GET"]}}],"collection":[{"href":"https:\/\/camporan.com\/ca\/wp-json\/wp\/v2\/posts"}],"about":[{"href":"https:\/\/camporan.com\/ca\/wp-json\/wp\/v2\/types\/post"}],"author":[{"embeddable":true,"href":"https:\/\/camporan.com\/ca\/wp-json\/wp\/v2\/users\/111"}],"replies":[{"embeddable":true,"href":"https:\/\/camporan.com\/ca\/wp-json\/wp\/v2\/comments?post=10376"}],"version-history":[{"count":1,"href":"https:\/\/camporan.com\/ca\/wp-json\/wp\/v2\/posts\/10376\/revisions"}],"predecessor-version":[{"id":14529,"href":"https:\/\/camporan.com\/ca\/wp-json\/wp\/v2\/posts\/10376\/revisions\/14529"}],"wp:featuredmedia":[{"embeddable":true,"href":"https:\/\/camporan.com\/ca\/wp-json\/wp\/v2\/media\/10334"}],"wp:attachment":[{"href":"https:\/\/camporan.com\/ca\/wp-json\/wp\/v2\/media?parent=10376"}],"wp:term":[{"taxonomy":"category","embeddable":true,"href":"https:\/\/camporan.com\/ca\/wp-json\/wp\/v2\/categories?post=10376"},{"taxonomy":"post_tag","embeddable":true,"href":"https:\/\/camporan.com\/ca\/wp-json\/wp\/v2\/tags?post=10376"}],"curies":[{"name":"wp","href":"https:\/\/api.w.org\/{rel}","templated":true}]}}